{"id":47479,"date":"2023-11-13T21:07:13","date_gmt":"2023-11-14T03:07:13","guid":{"rendered":"https:\/\/encuentroinformativo.com.mx\/?p=47479"},"modified":"2023-11-13T21:07:13","modified_gmt":"2023-11-14T03:07:13","slug":"en-xalapa-protestan-colectivos-de-la-diversidad-por-asesinato-de-magistrade-baena","status":"publish","type":"post","link":"https:\/\/encuentroinformativo.com.mx\/?p=47479","title":{"rendered":"En Xalapa, protestan colectivos de la diversidad por asesinato de magistrade Baena"},"content":{"rendered":"\n<p><strong>Juan Arcos <\/strong><\/p>\n\n\n\n<p>Xalapa, Ver.- Integrantes de la comunidad diversa protestaron frente a Palacio de Gobierno, en la ciudad de Xalapa, para exigir justicia tras el asesinato de Jes\u00fas Ociel Baena Saucedo, primer magistrade electoral de Am\u00e9rica Latina, con residencia en el estado de Aguascalientes.<\/p>\n\n\n\n<p>Los colectivos de la diversidad sexual se concentraron en Plaza Sebasti\u00e1n Lerdo de Tejada, a un costado de la Catedral Metropolitana de Xalapa, y despu\u00e9s bloquearon la calle Juan de la Luz Enr\u00edquez durante unos minutos, ocasionando un caos vial en la zona centro de la capital.<\/p>\n\n\n\n<p>Alzaron la voz por el reciente crimen del Magistrade del Tribunal Electoral del Estado de Aguascalientes, quien fue encontrado sin vida junto a otra persona este lunes 13 de noviembre en su domicilio.<\/p>\n\n\n\n<p>Las personas colocaron veladoras, una fotograf\u00eda del Magistrade y portaban las banderas con los colores del arco\u00edris, mismas que representan a la comunidad L\u00e9sbico, Gay, Bisexual y Transexual (LGBT).<\/p>\n\n\n\n<p>&#8220;Mientras t\u00fa sigues bailando, nos siguen matando\u201d, se le\u00eda en una lona que sostuvieron en el primer cuadro de la ciudad durante el cierre de la circulaci\u00f3n vehicular.<\/p>\n\n\n\n<p>Se sumaron a las protestas a nivel nacional y dieron a conocer que permanecer\u00edan en la plaza p\u00fablica hasta las nueve de la noche, para demandar la captura de los responsables del doble homicidio, as\u00ed como un alto a los cr\u00edmenes de odio por homofobia y transfobia.<\/p>\n\n\n\n<p>Baena Saucedo ten\u00eda 38 a\u00f1os y era originario de Santillo, Estado de Coahuila. Fue la primera persona de M\u00e9xico reconocida como \u201cmagistrade\u201d. Su trabajo era reconocido por defender los derechos de la comunidad de la diversidad sexual.<\/p>\n\n\n\n<figure class=\"wp-block-image size-large\"><img loading=\"lazy\" decoding=\"async\" width=\"961\" height=\"721\" src=\"https:\/\/encuentroinformativo.com.mx\/wp-content\/uploads\/2023\/11\/cb5f2ae1-3a0c-4a60-aa46-e3a3a9575fff2.jpg\" alt=\"\" class=\"wp-image-47481\" srcset=\"https:\/\/encuentroinformativo.com.mx\/wp-content\/uploads\/2023\/11\/cb5f2ae1-3a0c-4a60-aa46-e3a3a9575fff2.jpg 961w, https:\/\/encuentroinformativo.com.mx\/wp-content\/uploads\/2023\/11\/cb5f2ae1-3a0c-4a60-aa46-e3a3a9575fff2-300x225.jpg 300w, https:\/\/encuentroinformativo.com.mx\/wp-content\/uploads\/2023\/11\/cb5f2ae1-3a0c-4a60-aa46-e3a3a9575fff2-768x576.jpg 768w\" sizes=\"auto, (max-width: 961px) 100vw, 961px\" \/><\/figure>\n","protected":false},"excerpt":{"rendered":"<p>Juan Arcos Xalapa, Ver.- Integrantes de la comunidad diversa protestaron frente a Palacio de Gobierno, en la ciudad de Xalapa, para exigir justicia tras el asesinato de Jes\u00fas Ociel Baena Saucedo, primer magistrade electoral de Am\u00e9rica Latina, con residencia en el estado de Aguascalientes. Los colectivos de la diversidad sexual se concentraron en Plaza Sebasti\u00e1n [&hellip;]<\/p>\n","protected":false},"author":2476,"featured_media":47480,"comment_status":"open","ping_status":"open","sticky":false,"template":"","format":"standard","meta":{"_jetpack_memberships_contains_paid_content":false,"footnotes":""},"categories":[3],"tags":[],"class_list":["post-47479","post","type-post","status-publish","format-standard","has-post-thumbnail","hentry","category-xalapa"],"jetpack_featured_media_url":"https:\/\/encuentroinformativo.com.mx\/wp-content\/uploads\/2023\/11\/530d1d1e-c8e8-4e56-9819-5c9252a4611a2.jpg","jetpack_sharing_enabled":true,"jetpack_likes_enabled":true,"amp_enabled":true,"_links":{"self":[{"href":"https:\/\/encuentroinformativo.com.mx\/index.php?rest_route=\/wp\/v2\/posts\/47479","targetHints":{"allow":["GET"]}}],"collection":[{"href":"https:\/\/encuentroinformativo.com.mx\/index.php?rest_route=\/wp\/v2\/posts"}],"about":[{"href":"https:\/\/encuentroinformativo.com.mx\/index.php?rest_route=\/wp\/v2\/types\/post"}],"author":[{"embeddable":true,"href":"https:\/\/encuentroinformativo.com.mx\/index.php?rest_route=\/wp\/v2\/users\/2476"}],"replies":[{"embeddable":true,"href":"https:\/\/encuentroinformativo.com.mx\/index.php?rest_route=%2Fwp%2Fv2%2Fcomments&post=47479"}],"version-history":[{"count":1,"href":"https:\/\/encuentroinformativo.com.mx\/index.php?rest_route=\/wp\/v2\/posts\/47479\/revisions"}],"predecessor-version":[{"id":47482,"href":"https:\/\/encuentroinformativo.com.mx\/index.php?rest_route=\/wp\/v2\/posts\/47479\/revisions\/47482"}],"wp:featuredmedia":[{"embeddable":true,"href":"https:\/\/encuentroinformativo.com.mx\/index.php?rest_route=\/wp\/v2\/media\/47480"}],"wp:attachment":[{"href":"https:\/\/encuentroinformativo.com.mx\/index.php?rest_route=%2Fwp%2Fv2%2Fmedia&parent=47479"}],"wp:term":[{"taxonomy":"category","embeddable":true,"href":"https:\/\/encuentroinformativo.com.mx\/index.php?rest_route=%2Fwp%2Fv2%2Fcategories&post=47479"},{"taxonomy":"post_tag","embeddable":true,"href":"https:\/\/encuentroinformativo.com.mx\/index.php?rest_route=%2Fwp%2Fv2%2Ftags&post=47479"}],"curies":[{"name":"wp","href":"https:\/\/api.w.org\/{rel}","templated":true}]}}