{"id":47486,"date":"2023-11-14T09:35:57","date_gmt":"2023-11-14T15:35:57","guid":{"rendered":"https:\/\/encuentroinformativo.com.mx\/?p=47486"},"modified":"2023-11-14T09:35:57","modified_gmt":"2023-11-14T15:35:57","slug":"xochitl-harta-de-alito","status":"publish","type":"post","link":"https:\/\/encuentroinformativo.com.mx\/?p=47486","title":{"rendered":"X\u00d3CHITL, HARTA DE &#8220;ALITO&#8221;"},"content":{"rendered":"\n<p><strong>ColumnaSinNombre<br>@pablojair<\/strong><\/p>\n\n\n\n<ul class=\"wp-block-list\"><li>Del que se pitorrean en San L\u00e1zaro.<\/li><li>Nahle muestra m\u00fasculo con m\u00e1s de 140 alcaldes.<\/li><li>Viene Claudia Sheinbaum en tres fechas.<\/li><\/ul>\n\n\n\n<p>Un abrazo fraterno para el diputado<br>Juan Javier G\u00f3mez Cazar\u00edn<br>por el fallecimiento de su hermano<br>&#8211;Chopenjawer<\/p>\n\n\n\n<p>No son para nada gratuitos los supuestos &#8220;lapsus mentales&#8221; que, en al menos un par de ocasiones, ha tenido la virtual candidata a la Presidencia de la Rep\u00fablica por el Frente Opositor, X\u00f3chitl G\u00e1lvez, en contra del dirigente nacional del PRI, Alejandro Moreno, el famoso &#8220;Alito&#8221;.<\/p>\n\n\n\n<p>Lo coment\u00e1bamos en la radio este lunes: lo hace cuando menciona o quiere mencionar a priistas del pasado a quienes tacha como malas figuras, y de entrada menciona a Manuel Bartlett, el famoso dinosaurio priista que ahora trabaja como director de la Comisi\u00f3n Federal de Electricidad en el gobierno de la Cuarta Transformeishion.<\/p>\n\n\n\n<p>Pero entre esas personas que menciona, en la primera ocasi\u00f3n casi escupe el apodo de &#8220;Alito&#8221;, pero recompuso a tiempo; aunque en redes sociales circul\u00f3 el momento del trastabilleo.<\/p>\n\n\n\n<p>Ya la segunda ocasi\u00f3n fue m\u00e1s clara y lo dice textualmente: &#8220;Hay muy malos priistas con los que no trabajar\u00eda como Barlett o como Alito o como el ex gobernador de Hidalgo, Fayad&#8221;.<\/p>\n\n\n\n<p>El &#8220;lapsus mental&#8221; no pas\u00f3 desapercibido a nivel nacional. Posteriormente se vio cuando le pasaron una tarjeta a Xochitl sobre su error y entonces fue cuando se ech\u00f3 para atr\u00e1s y dijo que Alejandro Moreno merece todo su respeto.<\/p>\n\n\n\n<p>\u00bfPero si en verdad Xochitl no quiere a Alito y lo dice como un mensaje claro de que repudia al dirigente priista?<\/p>\n\n\n\n<p>Por la ma\u00f1ana un buen amigo que conoce mucho de pol\u00edtica me contest\u00f3 esa pregunta: &#8220;No es lapsus. &#8216;Mi<em>rdito&#8217; la est\u00e1 madreando much\u00edsimo. \u00c9l trabaja para AMLO (\u2026) \u00c9l dice que ella perder\u00e1, que es p<\/em>nd*ja, arrogante, etc. Yo creo que ya la hart\u00f3&#8221;.<\/p>\n\n\n\n<p>&#8211;\u00bfLo ha dicho p\u00fablicamente?<br>&#8211;En grupos grandes. A \u00e9l s\u00f3lo le interesa su senadur\u00eda. Conservar el control del partido mediante el consejo pol\u00edtico y designando a su sucesor y lo que quede de las fracciones parlamentarias y las prerrogativas.<\/p>\n\n\n\n<p>La fuente dice que tambi\u00e9n &#8220;Alito&#8221; ha torpedeado el proceso en Veracruz: &#8220;Por eso Fofo y Lorena llegaron madreando a media humanidad. Pero se les pas\u00f3 la mano y le bajaron dos rayitas&#8221;.<\/p>\n\n\n\n<p>Y me sostiene: &#8220;Acu\u00e9rdate c\u00f3mo AMLO madre\u00f3 a Narro para que llegara Alito. Es su empleado&#8221;.<\/p>\n\n\n\n<p>Se\u00f1ala otro de los supuestos objetivos de &#8220;Alito&#8221;: vender el mayor n\u00famero de posiciones posibles, lo que &#8211;por a\u00f1os&#8211; ha sido un negocio a voces en el tricolor.<\/p>\n\n\n\n<p>En el caso de Veracruz, mi cuate plantea esta hip\u00f3tesis: AMLO quiere que sea Pepe Yunes el candidato a la gubernatura &#8220;porque lo considera el rival m\u00e1s d\u00e9bil&#8221;.<\/p>\n\n\n\n<p>&#8220;Y creo que est\u00e1 equivocado\u2026 Si es Pepe, tambi\u00e9n les va a dar lata, mucha&#8221;, se\u00f1ala.<\/p>\n\n\n\n<p>Lo anterior coincide mucho con lo comentado por su servilleta en radio: pol\u00edticos de esa talla, que compiten por la Presidencia de la Rep\u00fablica, es muy raro que se equivoquen en sus declaraciones y regularmente mandan mensajes entre l\u00edneas o cifrados, disfrazados de &#8220;lapsus mentales&#8221;.<\/p>\n\n\n\n<p>Son algo as\u00ed como el &#8220;\u00a1Ay, se me sali\u00f3, perd\u00f3n&#8221;, pero en los hechos es para decir algo que sienten en su ronco pecho y ya est\u00e1n hartos de ocultar.<\/p>\n\n\n\n<p>El desprecio de Xochitl hacia &#8220;Alito&#8221; queda entonces evidenciado; aunque luego de las declaraciones de la virtual candidata trataron de recomponer todo con un abrazo que se vio m\u00e1s falso que un billete de tres pesos.<\/p>\n\n\n\n<p>En los hechos, Xochitl no quiere a Alito, no quiere trabajar con \u00e9l, pero no le queda otra m\u00e1s que aceptarlo y tragarse sus palabras.<\/p>\n\n\n\n<p>Ah\u00ed la lleva el Frente Opositor.<\/p>\n\n\n\n<p><strong>NOTA PARA PEGAR EN EL REFRI: <\/strong>Que el comentario en la C\u00e1mara de Diputados no s\u00f3lo ha sido el pitorreo en contra del legislador federal Sergio Guti\u00e9rrez Luna por llevar el tema de los ovnis a San L\u00e1zaro, sino la manera en que le vieron la cara los asesores que, dicen, se hincharon de billetes con todo lo que se gast\u00f3 en publicidad para hacerle creer que pod\u00eda ser candidato a gobernador de Veracruz.<\/p>\n\n\n\n<p><strong>OTRA NOTA: <\/strong>Alcaldes y alcaldesas del estado, as\u00ed como diputados y diputadas federales y locales emanados del movimiento de la Cuarta Transformaci\u00f3n, se reunieron este domingo con la coordinadora Estatal de los Trabajos en Defensa De la 4T, Roc\u00edo Nahle Garc\u00eda, en muestra de su disposici\u00f3n a trabajar por la unidad y la organizaci\u00f3n del partido y del movimiento\u2026 En el evento efectuado en la conurbaci\u00f3n Veracruz-Boca del R\u00edo, la ingeniera Roc\u00edo Nahle llam\u00f3 a todos los asistentes a trabajar en unidad y a favor del fortalecimiento de la organizaci\u00f3n del partido y del movimiento de transformaci\u00f3n en el estado\u2026 Tambi\u00e9n estuvo presente Manuel Huerta, coordinador Estatal del Federalismo, quien insisti\u00f3 en la necesidad de trabajar en unidad para acelerar la transformaci\u00f3n de Veracruz\u2026 En el evento estuvieron presentes 146 alcaldes, diputados y diputadas federales y locales, as\u00ed como liderazgos del Movimiento Regeneraci\u00f3n Nacional, y las dirigencias del Partido Verde y PT.<\/p>\n\n\n\n<p><strong>LA \u00daLTIMA PORQUE OTRA VEZ MUCHA CHAMBA ESTE MARTES: <\/strong>Ahora s\u00ed, checado y rechecado, por aquello de que la \u00faltima vez me fui con la finta por un dato equivocado: el 20 llega Claudia Sheinbaum a Boca del R\u00edo y tambi\u00e9n estar\u00e1 en Medell\u00edn; para el 21 se va a dar un rol por Los Tuxtlas; y el 22, visitar\u00e1 el extremo sur de Veracruz (puede ser Coatza o Mina). En los eventos, acompa\u00f1ada de Roc\u00edo Nahle.<\/p>\n","protected":false},"excerpt":{"rendered":"<p>ColumnaSinNombre@pablojair Del que se pitorrean en San L\u00e1zaro. Nahle muestra m\u00fasculo con m\u00e1s de 140 alcaldes. Viene Claudia Sheinbaum en tres fechas. Un abrazo fraterno para el diputadoJuan Javier G\u00f3mez Cazar\u00ednpor el fallecimiento de su hermano&#8211;Chopenjawer No son para nada gratuitos los supuestos &#8220;lapsus mentales&#8221; que, en al menos un par de ocasiones, ha tenido [&hellip;]<\/p>\n","protected":false},"author":2476,"featured_media":488,"comment_status":"open","ping_status":"open","sticky":false,"template":"","format":"standard","meta":{"_jetpack_memberships_contains_paid_content":false,"footnotes":""},"categories":[11],"tags":[],"class_list":["post-47486","post","type-post","status-publish","format-standard","has-post-thumbnail","hentry","category-opinion"],"jetpack_featured_media_url":"https:\/\/encuentroinformativo.com.mx\/wp-content\/uploads\/2020\/03\/F471F608-BA1A-416B-BA7B-BCFB24F4E6D0.jpeg","jetpack_sharing_enabled":true,"jetpack_likes_enabled":true,"amp_enabled":true,"_links":{"self":[{"href":"https:\/\/encuentroinformativo.com.mx\/index.php?rest_route=\/wp\/v2\/posts\/47486","targetHints":{"allow":["GET"]}}],"collection":[{"href":"https:\/\/encuentroinformativo.com.mx\/index.php?rest_route=\/wp\/v2\/posts"}],"about":[{"href":"https:\/\/encuentroinformativo.com.mx\/index.php?rest_route=\/wp\/v2\/types\/post"}],"author":[{"embeddable":true,"href":"https:\/\/encuentroinformativo.com.mx\/index.php?rest_route=\/wp\/v2\/users\/2476"}],"replies":[{"embeddable":true,"href":"https:\/\/encuentroinformativo.com.mx\/index.php?rest_route=%2Fwp%2Fv2%2Fcomments&post=47486"}],"version-history":[{"count":1,"href":"https:\/\/encuentroinformativo.com.mx\/index.php?rest_route=\/wp\/v2\/posts\/47486\/revisions"}],"predecessor-version":[{"id":47487,"href":"https:\/\/encuentroinformativo.com.mx\/index.php?rest_route=\/wp\/v2\/posts\/47486\/revisions\/47487"}],"wp:featuredmedia":[{"embeddable":true,"href":"https:\/\/encuentroinformativo.com.mx\/index.php?rest_route=\/wp\/v2\/media\/488"}],"wp:attachment":[{"href":"https:\/\/encuentroinformativo.com.mx\/index.php?rest_route=%2Fwp%2Fv2%2Fmedia&parent=47486"}],"wp:term":[{"taxonomy":"category","embeddable":true,"href":"https:\/\/encuentroinformativo.com.mx\/index.php?rest_route=%2Fwp%2Fv2%2Fcategories&post=47486"},{"taxonomy":"post_tag","embeddable":true,"href":"https:\/\/encuentroinformativo.com.mx\/index.php?rest_route=%2Fwp%2Fv2%2Ftags&post=47486"}],"curies":[{"name":"wp","href":"https:\/\/api.w.org\/{rel}","templated":true}]}}