{"id":47512,"date":"2023-11-14T14:26:56","date_gmt":"2023-11-14T20:26:56","guid":{"rendered":"https:\/\/encuentroinformativo.com.mx\/?p=47512"},"modified":"2023-11-14T14:26:57","modified_gmt":"2023-11-14T20:26:57","slug":"rocio-garantiza-unidad-segun-ramon-alvarez","status":"publish","type":"post","link":"https:\/\/encuentroinformativo.com.mx\/?p=47512","title":{"rendered":"Roc\u00edo garantiza unidad; seg\u00fan Ram\u00f3n \u00c1lvarez"},"content":{"rendered":"\n<p><strong>Alejandro \u00c1vila<\/strong><\/p>\n\n\n\n<p>Veracruz, Ver.- Posterior al proceso interno en Veracruz para seleccionar a la Coordinadora Estatal de los Comit\u00e9s de la Defensa de la Cuarta Transformaci\u00f3n, el ingeniero Ram\u00f3n \u00c1lvarez Font\u00e1n consider\u00f3 que este \u201cfue un proceso ejemplar\u201d y es momento de la unidad con Roc\u00edo Nahle Garc\u00eda, con quien adem\u00e1s \u201cla Transformaci\u00f3n est\u00e1 asegurada\u201d.&nbsp;<\/p>\n\n\n\n<p>\u201cLo primero que hay que decir es que fue un proceso que fue claro, a nivel nacional, sin ninguna duda. Hay una vida democr\u00e1tica, hay orden y hay trabajo. Hay ganas de colaborar en unidad, como lo dijo don Manuel (Huerta) y hay que caminar en una sola l\u00ednea que es Roc\u00edo Nahle Garc\u00eda\u201d, dijo el ex titular del Centro de la Secretar\u00eda de Comunicaciones y Transportes (SCT)<\/p>\n\n\n\n<p>\u00c1lvarez Font\u00e1n dijo que desde el inicio del proceso demosc\u00f3pico que el partido elabor\u00f3 para conocer a los candidatos mejores posicionados, \u00e9l se\u00f1al\u00f3 que la mejor candidata era Roc\u00edo Nahle.<\/p>\n\n\n\n<p>&#8220;Hemos venido reiterando nuestro apoyo y est\u00e1bamos seguros que era la mejor opci\u00f3n\u201d; adem\u00e1s expres\u00f3 un reconocimiento especial a Manuel Huerta Ladr\u00f3n de Guevara como f\u00f3rmula pol\u00edtica a nivel estatal.&nbsp;<\/p>\n\n\n\n<p>\u201cYa lo he dicho en otras ocasiones, los empresarios y los militantes podemos estar muy tranquilos con la llegada de Roc\u00edo Nahle como Coordinadora de los Comit\u00e9s de la Cuarta Transformaci\u00f3n en Veracruz\u201d, agreg\u00f3<\/p>\n\n\n\n<p>En temas sociales, Ram\u00f3n \u00c1lvarez seguir\u00e1 convocando a la ciudadan\u00eda para realizar tequios en parques y jardines p\u00fablicos para fomentar la convivencia comunal y el embellecimiento de la ciudad de Veracruz.&nbsp;&nbsp;<\/p>\n\n\n\n<p>\u201cEl tema es como todo, que la comunidad se ponga de acuerdo. Llegamos con toda la gente que nos est\u00e1 ayudando a caminar y a escuchar de nuestra brigada. Tomamos la m\u00e1quina, el machete, levantamos la basura. Hacemos que se vea mucho mejor las zonas recreativas que se ven muy abandonadas\u201d, coment\u00f3.<\/p>\n","protected":false},"excerpt":{"rendered":"<p>Alejandro \u00c1vila Veracruz, Ver.- Posterior al proceso interno en Veracruz para seleccionar a la Coordinadora Estatal de los Comit\u00e9s de la Defensa de la Cuarta Transformaci\u00f3n, el ingeniero Ram\u00f3n \u00c1lvarez Font\u00e1n consider\u00f3 que este \u201cfue un proceso ejemplar\u201d y es momento de la unidad con Roc\u00edo Nahle Garc\u00eda, con quien adem\u00e1s \u201cla Transformaci\u00f3n est\u00e1 asegurada\u201d.&nbsp; [&hellip;]<\/p>\n","protected":false},"author":2476,"featured_media":47513,"comment_status":"open","ping_status":"open","sticky":false,"template":"","format":"standard","meta":{"_jetpack_memberships_contains_paid_content":false,"footnotes":""},"categories":[2],"tags":[],"class_list":["post-47512","post","type-post","status-publish","format-standard","has-post-thumbnail","hentry","category-estado"],"jetpack_featured_media_url":"https:\/\/encuentroinformativo.com.mx\/wp-content\/uploads\/2023\/11\/IMG-20231114-WA0030.jpg","jetpack_sharing_enabled":true,"jetpack_likes_enabled":true,"amp_enabled":true,"_links":{"self":[{"href":"https:\/\/encuentroinformativo.com.mx\/index.php?rest_route=\/wp\/v2\/posts\/47512","targetHints":{"allow":["GET"]}}],"collection":[{"href":"https:\/\/encuentroinformativo.com.mx\/index.php?rest_route=\/wp\/v2\/posts"}],"about":[{"href":"https:\/\/encuentroinformativo.com.mx\/index.php?rest_route=\/wp\/v2\/types\/post"}],"author":[{"embeddable":true,"href":"https:\/\/encuentroinformativo.com.mx\/index.php?rest_route=\/wp\/v2\/users\/2476"}],"replies":[{"embeddable":true,"href":"https:\/\/encuentroinformativo.com.mx\/index.php?rest_route=%2Fwp%2Fv2%2Fcomments&post=47512"}],"version-history":[{"count":1,"href":"https:\/\/encuentroinformativo.com.mx\/index.php?rest_route=\/wp\/v2\/posts\/47512\/revisions"}],"predecessor-version":[{"id":47514,"href":"https:\/\/encuentroinformativo.com.mx\/index.php?rest_route=\/wp\/v2\/posts\/47512\/revisions\/47514"}],"wp:featuredmedia":[{"embeddable":true,"href":"https:\/\/encuentroinformativo.com.mx\/index.php?rest_route=\/wp\/v2\/media\/47513"}],"wp:attachment":[{"href":"https:\/\/encuentroinformativo.com.mx\/index.php?rest_route=%2Fwp%2Fv2%2Fmedia&parent=47512"}],"wp:term":[{"taxonomy":"category","embeddable":true,"href":"https:\/\/encuentroinformativo.com.mx\/index.php?rest_route=%2Fwp%2Fv2%2Fcategories&post=47512"},{"taxonomy":"post_tag","embeddable":true,"href":"https:\/\/encuentroinformativo.com.mx\/index.php?rest_route=%2Fwp%2Fv2%2Ftags&post=47512"}],"curies":[{"name":"wp","href":"https:\/\/api.w.org\/{rel}","templated":true}]}}