{"id":47515,"date":"2023-11-14T15:30:26","date_gmt":"2023-11-14T21:30:26","guid":{"rendered":"https:\/\/encuentroinformativo.com.mx\/?p=47515"},"modified":"2023-11-14T15:30:26","modified_gmt":"2023-11-14T21:30:26","slug":"exitoso-primer-festival-gastronomico-y-cultural-en-medellin","status":"publish","type":"post","link":"https:\/\/encuentroinformativo.com.mx\/?p=47515","title":{"rendered":"Exitoso primer Festival Gastron\u00f3mico y Cultural en Medell\u00edn"},"content":{"rendered":"\n<p><strong>Alejandro \u00c1vila<\/strong><\/p>\n\n\n\n<p>Medell\u00edn de Bravo, Ver.- Con el objetivo de impulsar uno de los atractivos m\u00e1s representativos del municipio -como es la gastronom\u00eda-, el Ayuntamiento que preside el alcalde, Marcos Isle\u00f1o Andrade, llev\u00f3 a cabo hace unos d\u00edas el primer Festival Gastron\u00f3mico y Cultural en el parque de la localidad de El Tejar.<\/p>\n\n\n\n<p>Fue a trav\u00e9s de sus redes sociales que el mun\u00edcipe lanz\u00f3 la convocatoria, la cual tuvo una gran respuesta al inscribirse 32 participantes que cocinaron sus mejores platillos y explicaron sus or\u00edgenes.<\/p>\n\n\n\n<p>&#8220;Gracias por acompa\u00f1arnos en este primer Festival Gastron\u00f3mico y Cultural que sin lugar a dudas lo que se busca es tener un platillo que nos represente a los medellinenses. Me da mucho gusto que muchos participantes se hayan inscrito por lo que hemos sumado un premio m\u00e1s debido a la convocatoria&#8221;, coment\u00f3 el alcalde en la ceremonia de inauguraci\u00f3n.<\/p>\n\n\n\n<p>El evento se llev\u00f3 a cabo en el domo del parque central de dicha comunidad y fue amenizado por el grupo de baile hawaiano &#8220;Los Polinesios&#8221; y el Ballet folcl\u00f3rico de la Casa de Cultura del municipio de Jamapa.&nbsp;<\/p>\n\n\n\n<p>Luego de un recorrido por cada stand, los jueces procedieron a la entrega de reconocimientos y ceremonia de premiaci\u00f3n, donde los tres primeros lugares fueron acreedores a incentivos econ\u00f3micos -tres mil y siete mil pesos-, quedando de la siguiente manera:<\/p>\n\n\n\n<p>1\u00b0Lugar.-&nbsp; Mar\u00eda de los \u00c1ngeles Vieyra Vel\u00e1zquez \u201cTortitas de Charales\u201d<\/p>\n\n\n\n<p>2\u00b0Lugar.-&nbsp; M\u00f3nica Guti\u00e9rrez Hern\u00e1ndez \u201cPato en Pipi\u00e1n\u201d<\/p>\n\n\n\n<p>3er Lugar: Mar\u00eda Fernanda Romero S\u00e1nchez \u201cMole Tradicional de Jamapa\u201d<\/p>\n\n\n\n<p>Al evento acudieron la S\u00edndica Mar\u00eda Concepci\u00f3n Cruz Santos; los regidores, Karina del Carmen Arroniz Palavicini y Fernando Aguirre Arredondo y la Presidenta del DIF municipal, Bertha Isle\u00f1o Andrade.<\/p>\n\n\n\n<p>El Chef Carlos Clemente Rodr\u00edguez Hern\u00e1ndez y la Maestra Mar\u00eda del Carmen \u00c1lvarez Aguilar fungieron como jueces en este primer gran Festival Gastron\u00f3mico y Cultural, recibiendo tambi\u00e9n un reconocimiento por parte del Ayuntamiento medellinense.<\/p>\n","protected":false},"excerpt":{"rendered":"<p>Alejandro \u00c1vila Medell\u00edn de Bravo, Ver.- Con el objetivo de impulsar uno de los atractivos m\u00e1s representativos del municipio -como es la gastronom\u00eda-, el Ayuntamiento que preside el alcalde, Marcos Isle\u00f1o Andrade, llev\u00f3 a cabo hace unos d\u00edas el primer Festival Gastron\u00f3mico y Cultural en el parque de la localidad de El Tejar. Fue a [&hellip;]<\/p>\n","protected":false},"author":2476,"featured_media":47518,"comment_status":"open","ping_status":"open","sticky":false,"template":"","format":"standard","meta":{"_jetpack_memberships_contains_paid_content":false,"footnotes":""},"categories":[2],"tags":[],"class_list":["post-47515","post","type-post","status-publish","format-standard","has-post-thumbnail","hentry","category-estado"],"jetpack_featured_media_url":"https:\/\/encuentroinformativo.com.mx\/wp-content\/uploads\/2023\/11\/IMG-20231114-WA00342.jpg","jetpack_sharing_enabled":true,"jetpack_likes_enabled":true,"amp_enabled":true,"_links":{"self":[{"href":"https:\/\/encuentroinformativo.com.mx\/index.php?rest_route=\/wp\/v2\/posts\/47515","targetHints":{"allow":["GET"]}}],"collection":[{"href":"https:\/\/encuentroinformativo.com.mx\/index.php?rest_route=\/wp\/v2\/posts"}],"about":[{"href":"https:\/\/encuentroinformativo.com.mx\/index.php?rest_route=\/wp\/v2\/types\/post"}],"author":[{"embeddable":true,"href":"https:\/\/encuentroinformativo.com.mx\/index.php?rest_route=\/wp\/v2\/users\/2476"}],"replies":[{"embeddable":true,"href":"https:\/\/encuentroinformativo.com.mx\/index.php?rest_route=%2Fwp%2Fv2%2Fcomments&post=47515"}],"version-history":[{"count":1,"href":"https:\/\/encuentroinformativo.com.mx\/index.php?rest_route=\/wp\/v2\/posts\/47515\/revisions"}],"predecessor-version":[{"id":47517,"href":"https:\/\/encuentroinformativo.com.mx\/index.php?rest_route=\/wp\/v2\/posts\/47515\/revisions\/47517"}],"wp:featuredmedia":[{"embeddable":true,"href":"https:\/\/encuentroinformativo.com.mx\/index.php?rest_route=\/wp\/v2\/media\/47518"}],"wp:attachment":[{"href":"https:\/\/encuentroinformativo.com.mx\/index.php?rest_route=%2Fwp%2Fv2%2Fmedia&parent=47515"}],"wp:term":[{"taxonomy":"category","embeddable":true,"href":"https:\/\/encuentroinformativo.com.mx\/index.php?rest_route=%2Fwp%2Fv2%2Fcategories&post=47515"},{"taxonomy":"post_tag","embeddable":true,"href":"https:\/\/encuentroinformativo.com.mx\/index.php?rest_route=%2Fwp%2Fv2%2Ftags&post=47515"}],"curies":[{"name":"wp","href":"https:\/\/api.w.org\/{rel}","templated":true}]}}