{"id":47527,"date":"2023-11-14T20:08:27","date_gmt":"2023-11-15T02:08:27","guid":{"rendered":"https:\/\/encuentroinformativo.com.mx\/?p=47527"},"modified":"2023-11-14T20:08:28","modified_gmt":"2023-11-15T02:08:28","slug":"boca-del-rio-listo-para-un-buen-fin-ordenado-y-seguro-alcalde-jm-unanue","status":"publish","type":"post","link":"https:\/\/encuentroinformativo.com.mx\/?p=47527","title":{"rendered":"Boca del R\u00edo listo para un \u201cBuen Fin\u201d ordenado y seguro: Alcalde JM Un\u00e1nue"},"content":{"rendered":"\n<p><strong>*<em>Del 17 al 20 de noviembre se implementar\u00e1 un operativo de seguridad con m\u00e1s de 100 elementos municipales en zonas comerciales y el resto de la ciudad<\/em>.<\/strong><\/p>\n\n\n\n<p>Boca del R\u00edo, Ver.- El alcalde de Boca del R\u00edo, Juan Manuel Un\u00e1nue Abascal, coment\u00f3 que est\u00e1 todo listo para que el \u201cBuen Fin 2023\u201d se realice con orden y seguridad al mismo tiempo para todos aquellos que aprovechar\u00e1n de un fin de semana concurrido en la zona conurbada.<\/p>\n\n\n\n<p>En el marco de la presentaci\u00f3n de la Carrera de la \u201cU\u201d, el mun\u00edcipe boque\u00f1o destac\u00f3 que del 17 al 20 de noviembre se espera una importante derrama econ\u00f3mica en la ciudad, manteniendo as\u00ed la reactivaci\u00f3n que beneficia a todos los sectores gracias a este programa nacional.<\/p>\n\n\n\n<p>\u201cPasan dos cosas con este programa del Buen Fin, le va mucho mejor a los comerciantes, a los boque\u00f1os trabajadores y tambi\u00e9n a las familias para que podr\u00e1n aprovechar estos d\u00edas para comprar productos que necesiten a un mejor precio\u201d, expres\u00f3 el ejecutivo municipal.<\/p>\n\n\n\n<p>Un\u00e1nue Abascal record\u00f3 que en el 2022 se obtuvo una derrama econ\u00f3mica aproximadamente de mil 200 millones de pesos, por lo que en este 2023 se espera sea superior.<\/p>\n\n\n\n<p>Asimismo, detall\u00f3 que para este evento comercial se implementar\u00e1 un operativo de seguridad encabezado por m\u00e1s de 100 elementos municipales, respaldado por la Polic\u00eda Naval y por la Secretar\u00eda de Seguridad P\u00fablica Estatal, con presencia principalmente en los centros comerciales y tiendas departamentales, as\u00ed como en zonas con mayor presencia de usuarios por el \u201cBuen Fin\u201d, pero muy importante, sin dejar de atender el resto de la ciudad.<\/p>\n\n\n\n<p>A estas tareas se suman tambi\u00e9n los elementos de Tr\u00e1nsito Municipal, as\u00ed como de Protecci\u00f3n Civil de Boca del R\u00edo, adem\u00e1s de otras \u00e1reas de la administraci\u00f3n municipal.<\/p>\n\n\n\n<p>Finalmente reiter\u00f3 que el personal del Ayuntamiento de Boca del R\u00edo permanecer\u00e1 atento y en apoyo de los ciudadanos que lo requiera de manera personal o mediante el n\u00famero de emergencia 911.<\/p>\n\n\n\n<p>Cabe mencionar que el alcalde Juan Manuel Un\u00e1nue Abascal asisti\u00f3 a la presentaci\u00f3n de la edici\u00f3n 18 de la Carrera de la \u201cU\u201d que se llevar\u00e1 a cabo el 10 de diciembre, agradeciendo y felicitando al mismo tiempo a la familia Pazos y a XEU Noticias por la realizaci\u00f3n de este evento que ayuda a que Boca del R\u00edo siga siendo un destino tur\u00edstico deportivo de primer nivel.<\/p>\n","protected":false},"excerpt":{"rendered":"<p>*Del 17 al 20 de noviembre se implementar\u00e1 un operativo de seguridad con m\u00e1s de 100 elementos municipales en zonas comerciales y el resto de la ciudad. Boca del R\u00edo, Ver.- El alcalde de Boca del R\u00edo, Juan Manuel Un\u00e1nue Abascal, coment\u00f3 que est\u00e1 todo listo para que el \u201cBuen Fin 2023\u201d se realice con [&hellip;]<\/p>\n","protected":false},"author":2476,"featured_media":47528,"comment_status":"open","ping_status":"open","sticky":false,"template":"","format":"standard","meta":{"_jetpack_memberships_contains_paid_content":false,"footnotes":""},"categories":[2],"tags":[],"class_list":["post-47527","post","type-post","status-publish","format-standard","has-post-thumbnail","hentry","category-estado"],"jetpack_featured_media_url":"https:\/\/encuentroinformativo.com.mx\/wp-content\/uploads\/2023\/11\/Screenshot_20231114-200609.png","jetpack_sharing_enabled":true,"jetpack_likes_enabled":true,"amp_enabled":true,"_links":{"self":[{"href":"https:\/\/encuentroinformativo.com.mx\/index.php?rest_route=\/wp\/v2\/posts\/47527","targetHints":{"allow":["GET"]}}],"collection":[{"href":"https:\/\/encuentroinformativo.com.mx\/index.php?rest_route=\/wp\/v2\/posts"}],"about":[{"href":"https:\/\/encuentroinformativo.com.mx\/index.php?rest_route=\/wp\/v2\/types\/post"}],"author":[{"embeddable":true,"href":"https:\/\/encuentroinformativo.com.mx\/index.php?rest_route=\/wp\/v2\/users\/2476"}],"replies":[{"embeddable":true,"href":"https:\/\/encuentroinformativo.com.mx\/index.php?rest_route=%2Fwp%2Fv2%2Fcomments&post=47527"}],"version-history":[{"count":1,"href":"https:\/\/encuentroinformativo.com.mx\/index.php?rest_route=\/wp\/v2\/posts\/47527\/revisions"}],"predecessor-version":[{"id":47529,"href":"https:\/\/encuentroinformativo.com.mx\/index.php?rest_route=\/wp\/v2\/posts\/47527\/revisions\/47529"}],"wp:featuredmedia":[{"embeddable":true,"href":"https:\/\/encuentroinformativo.com.mx\/index.php?rest_route=\/wp\/v2\/media\/47528"}],"wp:attachment":[{"href":"https:\/\/encuentroinformativo.com.mx\/index.php?rest_route=%2Fwp%2Fv2%2Fmedia&parent=47527"}],"wp:term":[{"taxonomy":"category","embeddable":true,"href":"https:\/\/encuentroinformativo.com.mx\/index.php?rest_route=%2Fwp%2Fv2%2Fcategories&post=47527"},{"taxonomy":"post_tag","embeddable":true,"href":"https:\/\/encuentroinformativo.com.mx\/index.php?rest_route=%2Fwp%2Fv2%2Ftags&post=47527"}],"curies":[{"name":"wp","href":"https:\/\/api.w.org\/{rel}","templated":true}]}}