{"id":47538,"date":"2023-11-15T11:42:30","date_gmt":"2023-11-15T17:42:30","guid":{"rendered":"https:\/\/encuentroinformativo.com.mx\/?p=47538"},"modified":"2023-11-15T11:42:31","modified_gmt":"2023-11-15T17:42:31","slug":"reclaman-docentes-mejoras-salariales","status":"publish","type":"post","link":"https:\/\/encuentroinformativo.com.mx\/?p=47538","title":{"rendered":"Reclaman docentes mejoras salariales"},"content":{"rendered":"\n<p><strong>Dar\u00edo Pale <\/strong><\/p>\n\n\n\n<p>Xalapa, Ver.- El maestro Juan Carlos Contreras integrante del movimiento de Revalorizaci\u00f3n del Docente dieron a conocer que la manifestaci\u00f3n es para que se les revalorice y que se les pague conforme al aumento que recibi\u00f3 el personal de apoyo y administraci\u00f3n que fue de un 40 por ciento.\u00a0<\/p>\n\n\n\n<p>En entrevista se\u00f1al\u00f3 que hay poca presencia de docentes que se est\u00e1n manifestando el d\u00eda de hoy se debe a que muchos maestros no quieren faltar a clases, ya que son responsables, pero desafortunadamente no han tenido el apoyo que requieren por parte del gobierno.<\/p>\n\n\n\n<p>Se\u00f1al\u00f3 que se est\u00e1n manifestando para plantear su postura en cuanto al aumento que otorg\u00f3 el presidente de M\u00e9xico Andr\u00e9s Manuel L\u00f3pez Obrador.<\/p>\n\n\n\n<p>En cuanto a las declaraciones del dirigente nacional de la secci\u00f3n 32 del SNTE, coment\u00f3 que, es indignante que reciban un incremento de 40 pesos a la quincena lo que representa que por d\u00eda sean 40 pesos, desconoce los ingresos que tenga el sindicato ni las negociaciones que tengan con el presidente, pero consideran que el incremento es una limosna.<\/p>\n\n\n\n<p>Los l\u00edderes debieron actuar en consecuencia y revalorizar al magisterio, buscar un aumento considerable para que de verdad lleguen a cobrar 16 mil pesos como lo dice el presidente, y eso se lo tienen que aclarar a la sociedad ya que muchos piensan que de verdad est\u00e1n ganando esa cantidad.<\/p>\n\n\n\n<p>Solicitaron la intervenci\u00f3n de todos los niveles ejecutivo y legislativo para que se pongan a trabajar en pro de la educaci\u00f3n ya que mejores salarios se va a reflejar en mejor educaci\u00f3n para los ni\u00f1os, que est\u00e9n dotados de los materiales, que haya internet en las escuelas.<\/p>\n\n\n\n<p>Actualmente en los nuevos libros de texto traen muchos c\u00f3digos QR, para consultar pero si no tienen internet ni computadoras ese libro con el material que puede ser muy \u00fatil no se puede utilizar por las carencias que tienen.<\/p>\n\n\n\n<p>Finalmente se\u00f1alaron que la manifestaci\u00f3n es a nivel nacional ya que se est\u00e1 replicando en cada una de las plazas m\u00e1s importantes del pa\u00eds y otros est\u00e1n en la Ciudad de M\u00e9xico manifest\u00e1ndose ya que el movimiento a pesar de que es nacional no tiene l\u00edderes es de maestros que tienen necesidades e intereses personales en relaci\u00f3n al nivel salarial, que se les revalorice y que se les pague conforme al aumento que recibi\u00f3 el personal de apoyo y administraci\u00f3n que fue de un 40 por ciento.\u00a0<\/p>\n\n\n\n<p>Cabe se\u00f1alar que debido a la protesta que realizan los docentes en la Plaza Lerdo, la escuela Emiliano Zapata de la congregaci\u00f3n Llano Grande del municipio de Teocelo est\u00e1 en paro.<\/p>\n\n\n\n<figure class=\"wp-block-image size-large\"><img loading=\"lazy\" decoding=\"async\" width=\"1024\" height=\"683\" src=\"https:\/\/encuentroinformativo.com.mx\/wp-content\/uploads\/2023\/11\/IMG-20231115-WA0030-1024x683.jpg\" alt=\"\" class=\"wp-image-47540\" srcset=\"https:\/\/encuentroinformativo.com.mx\/wp-content\/uploads\/2023\/11\/IMG-20231115-WA0030-1024x683.jpg 1024w, https:\/\/encuentroinformativo.com.mx\/wp-content\/uploads\/2023\/11\/IMG-20231115-WA0030-300x200.jpg 300w, https:\/\/encuentroinformativo.com.mx\/wp-content\/uploads\/2023\/11\/IMG-20231115-WA0030-768x512.jpg 768w, https:\/\/encuentroinformativo.com.mx\/wp-content\/uploads\/2023\/11\/IMG-20231115-WA0030.jpg 1368w\" sizes=\"auto, (max-width: 1024px) 100vw, 1024px\" \/><\/figure>\n","protected":false},"excerpt":{"rendered":"<p>Dar\u00edo Pale Xalapa, Ver.- El maestro Juan Carlos Contreras integrante del movimiento de Revalorizaci\u00f3n del Docente dieron a conocer que la manifestaci\u00f3n es para que se les revalorice y que se les pague conforme al aumento que recibi\u00f3 el personal de apoyo y administraci\u00f3n que fue de un 40 por ciento.\u00a0 En entrevista se\u00f1al\u00f3 que [&hellip;]<\/p>\n","protected":false},"author":2476,"featured_media":47539,"comment_status":"open","ping_status":"open","sticky":false,"template":"","format":"standard","meta":{"_jetpack_memberships_contains_paid_content":false,"footnotes":""},"categories":[3],"tags":[],"class_list":["post-47538","post","type-post","status-publish","format-standard","has-post-thumbnail","hentry","category-xalapa"],"jetpack_featured_media_url":"https:\/\/encuentroinformativo.com.mx\/wp-content\/uploads\/2023\/11\/IMG-20231115-WA0031.jpg","jetpack_sharing_enabled":true,"jetpack_likes_enabled":true,"amp_enabled":true,"_links":{"self":[{"href":"https:\/\/encuentroinformativo.com.mx\/index.php?rest_route=\/wp\/v2\/posts\/47538","targetHints":{"allow":["GET"]}}],"collection":[{"href":"https:\/\/encuentroinformativo.com.mx\/index.php?rest_route=\/wp\/v2\/posts"}],"about":[{"href":"https:\/\/encuentroinformativo.com.mx\/index.php?rest_route=\/wp\/v2\/types\/post"}],"author":[{"embeddable":true,"href":"https:\/\/encuentroinformativo.com.mx\/index.php?rest_route=\/wp\/v2\/users\/2476"}],"replies":[{"embeddable":true,"href":"https:\/\/encuentroinformativo.com.mx\/index.php?rest_route=%2Fwp%2Fv2%2Fcomments&post=47538"}],"version-history":[{"count":1,"href":"https:\/\/encuentroinformativo.com.mx\/index.php?rest_route=\/wp\/v2\/posts\/47538\/revisions"}],"predecessor-version":[{"id":47541,"href":"https:\/\/encuentroinformativo.com.mx\/index.php?rest_route=\/wp\/v2\/posts\/47538\/revisions\/47541"}],"wp:featuredmedia":[{"embeddable":true,"href":"https:\/\/encuentroinformativo.com.mx\/index.php?rest_route=\/wp\/v2\/media\/47539"}],"wp:attachment":[{"href":"https:\/\/encuentroinformativo.com.mx\/index.php?rest_route=%2Fwp%2Fv2%2Fmedia&parent=47538"}],"wp:term":[{"taxonomy":"category","embeddable":true,"href":"https:\/\/encuentroinformativo.com.mx\/index.php?rest_route=%2Fwp%2Fv2%2Fcategories&post=47538"},{"taxonomy":"post_tag","embeddable":true,"href":"https:\/\/encuentroinformativo.com.mx\/index.php?rest_route=%2Fwp%2Fv2%2Ftags&post=47538"}],"curies":[{"name":"wp","href":"https:\/\/api.w.org\/{rel}","templated":true}]}}