{"id":47545,"date":"2023-11-15T13:12:30","date_gmt":"2023-11-15T19:12:30","guid":{"rendered":"https:\/\/encuentroinformativo.com.mx\/?p=47545"},"modified":"2023-11-15T13:12:31","modified_gmt":"2023-11-15T19:12:31","slug":"morena-ganara-en-la-zona-conurbada-afirma-ramirez-zepeta","status":"publish","type":"post","link":"https:\/\/encuentroinformativo.com.mx\/?p=47545","title":{"rendered":"Morena ganar\u00e1 en la zona conurbada, afirma Ram\u00edrez Zepeta"},"content":{"rendered":"\n<p><strong>Alejandro \u00c1vila<\/strong><\/p>\n\n\n\n<p>Boca del R\u00edo, Ver.- El presidente estatal de Morena, Esteban Ram\u00edrez Zepeta, asegur\u00f3 que en las pr\u00f3ximas elecciones del 2024 y 2025, los municipios de Veracruz y Boca del R\u00edo ser\u00e1n ganados por el Movimiento de Regeneraci\u00f3n Nacional.<\/p>\n\n\n\n<p>A pesar del incremento de simpatizantes en los municipios que se suponen como bastiones panistas, los intentos por lograr las alcald\u00edas en Veracruz y Boca del R\u00edo han sido truncados, aunque cada vez han ganado m\u00e1s adeptos.<\/p>\n\n\n\n<p>&#8220;Vamos a ganar la zona conurbada en las pr\u00f3ximas elecciones, tanto el 24 como el 25&#8221;, asest\u00f3.<\/p>\n\n\n\n<p>El otro tema, el l\u00edder partidista, destac\u00f3 el arranque de campa\u00f1a que tendr\u00e1 Claudia Sheinbaum Pardo en el Estado de Veracruz, donde el 20 de noviembre arrancar\u00e1 sus recorridos como Coordinadora Nacional de la Cuarta Transformaci\u00f3n en Boca del R\u00edo a las 10:30 de la ma\u00f1ana en el World Trade Center, y posteriormente se trasladar\u00e1 a las 4 de la tarde el municipio de Medell\u00edn de Bravo, para dar un discurso en la Plaza Central de la localidad de El Tejar.<\/p>\n\n\n\n<p>&#8220;Representa lo que siempre hemos dicho, que Veracruz es un basti\u00f3n de izquierda, es un basti\u00f3n morenista, y eso a nosotros nos da mucha alegr\u00eda, que nuestra futura presidenta lo haga en este Estado&#8221;, agreg\u00f3.<\/p>\n","protected":false},"excerpt":{"rendered":"<p>Alejandro \u00c1vila Boca del R\u00edo, Ver.- El presidente estatal de Morena, Esteban Ram\u00edrez Zepeta, asegur\u00f3 que en las pr\u00f3ximas elecciones del 2024 y 2025, los municipios de Veracruz y Boca del R\u00edo ser\u00e1n ganados por el Movimiento de Regeneraci\u00f3n Nacional. A pesar del incremento de simpatizantes en los municipios que se suponen como bastiones panistas, [&hellip;]<\/p>\n","protected":false},"author":2476,"featured_media":47546,"comment_status":"open","ping_status":"open","sticky":false,"template":"","format":"standard","meta":{"_jetpack_memberships_contains_paid_content":false,"footnotes":""},"categories":[2],"tags":[],"class_list":["post-47545","post","type-post","status-publish","format-standard","has-post-thumbnail","hentry","category-estado"],"jetpack_featured_media_url":"https:\/\/encuentroinformativo.com.mx\/wp-content\/uploads\/2023\/11\/IMG-20231115-WA0037.jpg","jetpack_sharing_enabled":true,"jetpack_likes_enabled":true,"amp_enabled":true,"_links":{"self":[{"href":"https:\/\/encuentroinformativo.com.mx\/index.php?rest_route=\/wp\/v2\/posts\/47545","targetHints":{"allow":["GET"]}}],"collection":[{"href":"https:\/\/encuentroinformativo.com.mx\/index.php?rest_route=\/wp\/v2\/posts"}],"about":[{"href":"https:\/\/encuentroinformativo.com.mx\/index.php?rest_route=\/wp\/v2\/types\/post"}],"author":[{"embeddable":true,"href":"https:\/\/encuentroinformativo.com.mx\/index.php?rest_route=\/wp\/v2\/users\/2476"}],"replies":[{"embeddable":true,"href":"https:\/\/encuentroinformativo.com.mx\/index.php?rest_route=%2Fwp%2Fv2%2Fcomments&post=47545"}],"version-history":[{"count":1,"href":"https:\/\/encuentroinformativo.com.mx\/index.php?rest_route=\/wp\/v2\/posts\/47545\/revisions"}],"predecessor-version":[{"id":47547,"href":"https:\/\/encuentroinformativo.com.mx\/index.php?rest_route=\/wp\/v2\/posts\/47545\/revisions\/47547"}],"wp:featuredmedia":[{"embeddable":true,"href":"https:\/\/encuentroinformativo.com.mx\/index.php?rest_route=\/wp\/v2\/media\/47546"}],"wp:attachment":[{"href":"https:\/\/encuentroinformativo.com.mx\/index.php?rest_route=%2Fwp%2Fv2%2Fmedia&parent=47545"}],"wp:term":[{"taxonomy":"category","embeddable":true,"href":"https:\/\/encuentroinformativo.com.mx\/index.php?rest_route=%2Fwp%2Fv2%2Fcategories&post=47545"},{"taxonomy":"post_tag","embeddable":true,"href":"https:\/\/encuentroinformativo.com.mx\/index.php?rest_route=%2Fwp%2Fv2%2Ftags&post=47545"}],"curies":[{"name":"wp","href":"https:\/\/api.w.org\/{rel}","templated":true}]}}