{"id":47551,"date":"2023-11-15T13:47:17","date_gmt":"2023-11-15T19:47:17","guid":{"rendered":"https:\/\/encuentroinformativo.com.mx\/?p=47551"},"modified":"2023-11-15T13:47:18","modified_gmt":"2023-11-15T19:47:18","slug":"invitan-a-fiestas-de-soledad-de-doblado","status":"publish","type":"post","link":"https:\/\/encuentroinformativo.com.mx\/?p=47551","title":{"rendered":"Invitan a fiestas de Soledad de Doblado"},"content":{"rendered":"\n<p><strong>Alejandro \u00c1vila<\/strong><\/p>\n\n\n\n<p>Veracruz, Ver.- El Komander y Edwin Luna, ser\u00e1n los artistas principales en las fiestas de La Candelaria del municipio de Soledad de Doblado, que se llevar\u00e1n acabado del 1 y hasta el 5 de febrero del 2024, inform\u00f3 la alcaldesa, Arantxa Zamatiz Sosa, en rueda de prensa ofrecida en el puerto de Veracruz.<\/p>\n\n\n\n<p>La celebraci\u00f3n abarcar\u00e1 diferentes eventos que iniciar\u00e1n el 1 de febrero con la emblem\u00e1tica cabalgata y la coronaci\u00f3n de la Virgen de la Candelaria.<\/p>\n\n\n\n<p>El 2 de febrero se realizar\u00e1n las celebraciones lit\u00fargicas, mientras que el 3 de febrero los asistentes a la fiesta podr\u00e1n gozar en el baile de la feria donde se presentar\u00e1n&nbsp; Miguel el Junior de los Teclados, Los Vela, el Komander y Edwin Luna.<\/p>\n\n\n\n<p>El 4 de febrero, se llevar\u00e1 a cabo el desfile de carros aleg\u00f3ricos y la gran clausura tendr\u00e1 lugar el 5 de febrero con un baile popular en el parque central.<\/p>\n\n\n\n<p>Edson Barradas, presidente del comit\u00e9 de feria, realiz\u00f3 una atenta invitaci\u00f3n a todos los que deseen participar como reyes de la feria, destacando que la convocatoria est\u00e1 ya disponible en la p\u00e1gina oficial.&nbsp;<\/p>\n\n\n\n<p>El funcionario municipal, destac\u00f3 la importancia de la participaci\u00f3n de los j\u00f3venes y agreg\u00f3 que en el caso de los que deseen participar sean menores de edad necesitar\u00e1n el permiso de sus padres y deben ser originarios de Soledad de Doblado.<\/p>\n\n\n\n<p>Durante las festividades se espera recibir 5 mil visitantes y atraer a m\u00e1s de 10 mil espectadores al desfile de carros aleg\u00f3ricos, por lo que se estima registrar una significativa de derrama econ\u00f3mica para la localidad.<\/p>\n\n\n\n<p>Los funcionarios municipales aseguraron que la seguridad estar\u00e1 garantizada tanto para los participantes y asistentes a la fiesta.<\/p>\n","protected":false},"excerpt":{"rendered":"<p>Alejandro \u00c1vila Veracruz, Ver.- El Komander y Edwin Luna, ser\u00e1n los artistas principales en las fiestas de La Candelaria del municipio de Soledad de Doblado, que se llevar\u00e1n acabado del 1 y hasta el 5 de febrero del 2024, inform\u00f3 la alcaldesa, Arantxa Zamatiz Sosa, en rueda de prensa ofrecida en el puerto de Veracruz. [&hellip;]<\/p>\n","protected":false},"author":2476,"featured_media":47552,"comment_status":"open","ping_status":"open","sticky":false,"template":"","format":"standard","meta":{"_jetpack_memberships_contains_paid_content":false,"footnotes":""},"categories":[2],"tags":[],"class_list":["post-47551","post","type-post","status-publish","format-standard","has-post-thumbnail","hentry","category-estado"],"jetpack_featured_media_url":"https:\/\/encuentroinformativo.com.mx\/wp-content\/uploads\/2023\/11\/IMG-20231115-WA0053.jpg","jetpack_sharing_enabled":true,"jetpack_likes_enabled":true,"amp_enabled":true,"_links":{"self":[{"href":"https:\/\/encuentroinformativo.com.mx\/index.php?rest_route=\/wp\/v2\/posts\/47551","targetHints":{"allow":["GET"]}}],"collection":[{"href":"https:\/\/encuentroinformativo.com.mx\/index.php?rest_route=\/wp\/v2\/posts"}],"about":[{"href":"https:\/\/encuentroinformativo.com.mx\/index.php?rest_route=\/wp\/v2\/types\/post"}],"author":[{"embeddable":true,"href":"https:\/\/encuentroinformativo.com.mx\/index.php?rest_route=\/wp\/v2\/users\/2476"}],"replies":[{"embeddable":true,"href":"https:\/\/encuentroinformativo.com.mx\/index.php?rest_route=%2Fwp%2Fv2%2Fcomments&post=47551"}],"version-history":[{"count":1,"href":"https:\/\/encuentroinformativo.com.mx\/index.php?rest_route=\/wp\/v2\/posts\/47551\/revisions"}],"predecessor-version":[{"id":47553,"href":"https:\/\/encuentroinformativo.com.mx\/index.php?rest_route=\/wp\/v2\/posts\/47551\/revisions\/47553"}],"wp:featuredmedia":[{"embeddable":true,"href":"https:\/\/encuentroinformativo.com.mx\/index.php?rest_route=\/wp\/v2\/media\/47552"}],"wp:attachment":[{"href":"https:\/\/encuentroinformativo.com.mx\/index.php?rest_route=%2Fwp%2Fv2%2Fmedia&parent=47551"}],"wp:term":[{"taxonomy":"category","embeddable":true,"href":"https:\/\/encuentroinformativo.com.mx\/index.php?rest_route=%2Fwp%2Fv2%2Fcategories&post=47551"},{"taxonomy":"post_tag","embeddable":true,"href":"https:\/\/encuentroinformativo.com.mx\/index.php?rest_route=%2Fwp%2Fv2%2Ftags&post=47551"}],"curies":[{"name":"wp","href":"https:\/\/api.w.org\/{rel}","templated":true}]}}