{"id":47554,"date":"2023-11-15T14:03:26","date_gmt":"2023-11-15T20:03:26","guid":{"rendered":"https:\/\/encuentroinformativo.com.mx\/?p=47554"},"modified":"2023-11-15T14:03:27","modified_gmt":"2023-11-15T20:03:27","slug":"cardenistas-realizan-planton-en-cfe-demandan-acciones-de-electrificacion","status":"publish","type":"post","link":"https:\/\/encuentroinformativo.com.mx\/?p=47554","title":{"rendered":"Cardenistas realizan plant\u00f3n en CFE, demandan acciones de electrificaci\u00f3n"},"content":{"rendered":"\n<p><strong>Juan Arcos <\/strong><\/p>\n\n\n\n<p>Xalapa, Ver.- Integrantes de la Asociaci\u00f3n Pol\u00edtica Estatal Cardenista se plantaron afuera de las oficinas de la Comisi\u00f3n Federal de Electricidad (CFE), en la ciudad de Xalapa.<\/p>\n\n\n\n<p>Las personas llegaron como \u201cacarreados\u201d en varios camiones procedentes de las distintas regiones de la entidad veracruzana.<\/p>\n\n\n\n<p>El l\u00edder de la agrupaci\u00f3n, Antonio Luna Andrade, indic\u00f3 que la empresa \u201cde clase mundial\u201d incumpli\u00f3 acuerdos para la electrificaci\u00f3n de localidades y colonias en diversas zonas del estado.<\/p>\n\n\n\n<p>\u201cLa empresa se hace auto llamar empresa de clase mundial, para nosotros no es empresa de clase mundial. Ni\u00f1as, ni\u00f1os, adolescentes, adultos, no tienen condiciones de vida digna porque CFE ha sido omisa, aprovech\u00e1ndose de que los pobres est\u00e1n dispersos\u201d.<\/p>\n\n\n\n<p>Con micr\u00f3fono en mano, frente a cientos de sus seguidores, enfatiz\u00f3 que CFE no respeta el derecho humano a la electrificaci\u00f3n.<\/p>\n\n\n\n<p>Cabe recordar que la Asociaci\u00f3n Pol\u00edtica Estatal Cardenista ha sido se\u00f1alada por la invasi\u00f3n de predios, situaci\u00f3n que ha dificultado que sus colonias accedan a los servicios b\u00e1sicos, debido a que no est\u00e1n municipalizadas.<\/p>\n\n\n\n<p>Hace varios a\u00f1os, la organizaci\u00f3n fue partido pol\u00edtico y Antonio Luna contendi\u00f3 por una diputaci\u00f3n local pero perdi\u00f3 la elecci\u00f3n.<br>Sin embargo, durante la protesta de este mi\u00e9rcoles 15 de noviembre, el l\u00edder cardenista asegur\u00f3 que en este caso no busca un cargo de elecci\u00f3n popular.<\/p>\n\n\n\n<p>&#8220;No somos un partido pol\u00edtico, no estoy buscando aqu\u00ed una candidatura, los hip\u00f3critas andan por otro lado, prometiendo lo que prometieron hace seis a\u00f1os\u201d, expres\u00f3 Luna Andrade.<\/p>\n\n\n\n<figure class=\"wp-block-image size-large\"><img loading=\"lazy\" decoding=\"async\" width=\"768\" height=\"1024\" src=\"https:\/\/encuentroinformativo.com.mx\/wp-content\/uploads\/2023\/11\/IMG_0926-768x1024.jpg\" alt=\"\" class=\"wp-image-47556\" srcset=\"https:\/\/encuentroinformativo.com.mx\/wp-content\/uploads\/2023\/11\/IMG_0926-768x1024.jpg 768w, https:\/\/encuentroinformativo.com.mx\/wp-content\/uploads\/2023\/11\/IMG_0926-225x300.jpg 225w, https:\/\/encuentroinformativo.com.mx\/wp-content\/uploads\/2023\/11\/IMG_0926-1152x1536.jpg 1152w, https:\/\/encuentroinformativo.com.mx\/wp-content\/uploads\/2023\/11\/IMG_0926-rotated.jpg 1512w\" sizes=\"auto, (max-width: 768px) 100vw, 768px\" \/><\/figure>\n","protected":false},"excerpt":{"rendered":"<p>Juan Arcos Xalapa, Ver.- Integrantes de la Asociaci\u00f3n Pol\u00edtica Estatal Cardenista se plantaron afuera de las oficinas de la Comisi\u00f3n Federal de Electricidad (CFE), en la ciudad de Xalapa. Las personas llegaron como \u201cacarreados\u201d en varios camiones procedentes de las distintas regiones de la entidad veracruzana. El l\u00edder de la agrupaci\u00f3n, Antonio Luna Andrade, indic\u00f3 [&hellip;]<\/p>\n","protected":false},"author":2476,"featured_media":47555,"comment_status":"open","ping_status":"open","sticky":false,"template":"","format":"standard","meta":{"_jetpack_memberships_contains_paid_content":false,"footnotes":""},"categories":[3],"tags":[],"class_list":["post-47554","post","type-post","status-publish","format-standard","has-post-thumbnail","hentry","category-xalapa"],"jetpack_featured_media_url":"https:\/\/encuentroinformativo.com.mx\/wp-content\/uploads\/2023\/11\/IMG_0882.jpg","jetpack_sharing_enabled":true,"jetpack_likes_enabled":true,"amp_enabled":true,"_links":{"self":[{"href":"https:\/\/encuentroinformativo.com.mx\/index.php?rest_route=\/wp\/v2\/posts\/47554","targetHints":{"allow":["GET"]}}],"collection":[{"href":"https:\/\/encuentroinformativo.com.mx\/index.php?rest_route=\/wp\/v2\/posts"}],"about":[{"href":"https:\/\/encuentroinformativo.com.mx\/index.php?rest_route=\/wp\/v2\/types\/post"}],"author":[{"embeddable":true,"href":"https:\/\/encuentroinformativo.com.mx\/index.php?rest_route=\/wp\/v2\/users\/2476"}],"replies":[{"embeddable":true,"href":"https:\/\/encuentroinformativo.com.mx\/index.php?rest_route=%2Fwp%2Fv2%2Fcomments&post=47554"}],"version-history":[{"count":1,"href":"https:\/\/encuentroinformativo.com.mx\/index.php?rest_route=\/wp\/v2\/posts\/47554\/revisions"}],"predecessor-version":[{"id":47557,"href":"https:\/\/encuentroinformativo.com.mx\/index.php?rest_route=\/wp\/v2\/posts\/47554\/revisions\/47557"}],"wp:featuredmedia":[{"embeddable":true,"href":"https:\/\/encuentroinformativo.com.mx\/index.php?rest_route=\/wp\/v2\/media\/47555"}],"wp:attachment":[{"href":"https:\/\/encuentroinformativo.com.mx\/index.php?rest_route=%2Fwp%2Fv2%2Fmedia&parent=47554"}],"wp:term":[{"taxonomy":"category","embeddable":true,"href":"https:\/\/encuentroinformativo.com.mx\/index.php?rest_route=%2Fwp%2Fv2%2Fcategories&post=47554"},{"taxonomy":"post_tag","embeddable":true,"href":"https:\/\/encuentroinformativo.com.mx\/index.php?rest_route=%2Fwp%2Fv2%2Ftags&post=47554"}],"curies":[{"name":"wp","href":"https:\/\/api.w.org\/{rel}","templated":true}]}}