{"id":4756,"date":"2020-08-09T14:04:10","date_gmt":"2020-08-09T19:04:10","guid":{"rendered":"https:\/\/encuentroinformativo.com\/?p=4756"},"modified":"2020-08-09T14:04:12","modified_gmt":"2020-08-09T19:04:12","slug":"por-inasistencia-suspenden-marcha-de-medicos-en-xalapa","status":"publish","type":"post","link":"https:\/\/encuentroinformativo.com.mx\/?p=4756","title":{"rendered":"Por inasistencia, suspenden marcha de m\u00e9dicos en Xalapa"},"content":{"rendered":"\n<p><strong>Juan Arcos<\/strong><\/p>\n\n\n\n<p>Xalapa, Ver.- Las marcha de m\u00e9dicos programada para este domingo fue suspendida por inasistencia.<\/p>\n\n\n\n<p>Un peque\u00f1o grupo se concentr\u00f3 afuera del Teatro del Estado \u201cIgnacio de la Llave\u201d, de donde saldr\u00edan rumbo a Palacio de Gobierno.<\/p>\n\n\n\n<p>El objetivo era solidarizarse con el urgenci\u00f3logo chiapaneco, Gerardo Vicente Grajales Yuca, vinculado a proceso por presunto abuso de autoridad.<\/p>\n\n\n\n<p>En el lugar, el m\u00e9dico anestesi\u00f3logo del Centro de Alta Especialidad \u201cDoctor Rafael Lucio&#8221;, Miguel \u00c1ngel Franco Pita, se\u00f1al\u00f3 que los trabajadores de la medicina no acudieron a la protesta por temor a represalias y a perder su empleo; sin embargo, est\u00e1n en total desacuerdo con la detenci\u00f3n de su compa\u00f1ero.<\/p>\n\n\n\n<p>\u201cSabemos que ya lo liberaron, pero est\u00e1 arraigado, que es como si estuviera preso s\u00f3lo que en otro tipo de c\u00e1rcel. El proceso sigue, la imputaci\u00f3n que se le hace, la fiscal\u00eda no ha podido realmente comprobar que todos los cargos sean verdaderos, ese tipo de situaciones no pueden seguir pasando en el pa\u00eds\u201d.<\/p>\n\n\n\n<p>El entrevistado detall\u00f3 que algunos l\u00edderes sindicales amenazan con sancionar a los m\u00e9dicos que participan en manifestaciones.<\/p>\n\n\n\n<p>\u201cMuchos l\u00edderes sindicales los frenan, les dicen: t\u00fa no vayas a esa marcha porque no te conviene y si no te vamos a castigar, muchas cosas de ese tipo. Yo siempre he considerado que independientemente de los sindicatos, nosotros como trabajadores tenemos el deber y la obligaci\u00f3n de manifestar las inconformidades\u201d.<\/p>\n\n\n\n<p>Franco Pita acus\u00f3 que los m\u00e9dicos han sido criminalizados y agredidos por la pandemia del SARS-COV-2 (COVID-19).<\/p>\n\n\n\n<p>\u201cEl m\u00e9dico ha sido criminalizado, ha sido agredido por la poblaci\u00f3n y todav\u00eda agredido por el gobierno, yo creo que no es justo\u201d.<\/p>\n\n\n\n<p>El anestesi\u00f3logo consider\u00f3 que es \u201cmentira\u201d la postura del gobierno sobre que est\u00e1n garantizados todos los insumos en los hospitales del estado.<\/p>\n\n\n\n<p>\u201cEllos dicen que tenemos todos los insumos, que tenemos todo para trabajar, eso sabemos que es mentira. Trabajamos con un cuadro b\u00e1sico de medicamentos es a nivel nacional, no podemos salirnos de ese cuadro, pues al salirnos el paciente tendr\u00eda que comprar los medicamentos, que es lo que est\u00e1 pasando en estos momentos\u201d, remat\u00f3.<\/p>\n\n\n\n<p><\/p>\n","protected":false},"excerpt":{"rendered":"<p>Juan Arcos Xalapa, Ver.- Las marcha de m\u00e9dicos programada para este domingo fue suspendida por inasistencia. Un peque\u00f1o grupo se concentr\u00f3 afuera del Teatro del Estado \u201cIgnacio de la Llave\u201d, de donde saldr\u00edan rumbo a Palacio de Gobierno. El objetivo era solidarizarse con el urgenci\u00f3logo chiapaneco, Gerardo Vicente Grajales Yuca, vinculado a proceso por presunto [&hellip;]<\/p>\n","protected":false},"author":1,"featured_media":4757,"comment_status":"open","ping_status":"open","sticky":false,"template":"","format":"standard","meta":{"_jetpack_memberships_contains_paid_content":false,"footnotes":""},"categories":[9],"tags":[],"class_list":["post-4756","post","type-post","status-publish","format-standard","has-post-thumbnail","hentry","category-salud"],"jetpack_featured_media_url":"https:\/\/encuentroinformativo.com.mx\/wp-content\/uploads\/2020\/08\/C13D73A6-64CE-465A-B6B7-549C78B62322.jpeg","jetpack_sharing_enabled":true,"jetpack_likes_enabled":true,"amp_enabled":true,"_links":{"self":[{"href":"https:\/\/encuentroinformativo.com.mx\/index.php?rest_route=\/wp\/v2\/posts\/4756","targetHints":{"allow":["GET"]}}],"collection":[{"href":"https:\/\/encuentroinformativo.com.mx\/index.php?rest_route=\/wp\/v2\/posts"}],"about":[{"href":"https:\/\/encuentroinformativo.com.mx\/index.php?rest_route=\/wp\/v2\/types\/post"}],"author":[{"embeddable":true,"href":"https:\/\/encuentroinformativo.com.mx\/index.php?rest_route=\/wp\/v2\/users\/1"}],"replies":[{"embeddable":true,"href":"https:\/\/encuentroinformativo.com.mx\/index.php?rest_route=%2Fwp%2Fv2%2Fcomments&post=4756"}],"version-history":[{"count":1,"href":"https:\/\/encuentroinformativo.com.mx\/index.php?rest_route=\/wp\/v2\/posts\/4756\/revisions"}],"predecessor-version":[{"id":4758,"href":"https:\/\/encuentroinformativo.com.mx\/index.php?rest_route=\/wp\/v2\/posts\/4756\/revisions\/4758"}],"wp:featuredmedia":[{"embeddable":true,"href":"https:\/\/encuentroinformativo.com.mx\/index.php?rest_route=\/wp\/v2\/media\/4757"}],"wp:attachment":[{"href":"https:\/\/encuentroinformativo.com.mx\/index.php?rest_route=%2Fwp%2Fv2%2Fmedia&parent=4756"}],"wp:term":[{"taxonomy":"category","embeddable":true,"href":"https:\/\/encuentroinformativo.com.mx\/index.php?rest_route=%2Fwp%2Fv2%2Fcategories&post=4756"},{"taxonomy":"post_tag","embeddable":true,"href":"https:\/\/encuentroinformativo.com.mx\/index.php?rest_route=%2Fwp%2Fv2%2Ftags&post=4756"}],"curies":[{"name":"wp","href":"https:\/\/api.w.org\/{rel}","templated":true}]}}