{"id":47569,"date":"2023-11-15T20:36:53","date_gmt":"2023-11-16T02:36:53","guid":{"rendered":"https:\/\/encuentroinformativo.com.mx\/?p=47569"},"modified":"2023-11-15T20:36:55","modified_gmt":"2023-11-16T02:36:55","slug":"detenida-presunta-pareja-responsable-de-homicidio-de-peluquero-en-la-revolucion","status":"publish","type":"post","link":"https:\/\/encuentroinformativo.com.mx\/?p=47569","title":{"rendered":"Detenida presunta pareja responsable de homicidio de peluquero en la Revoluci\u00f3n"},"content":{"rendered":"\n<p><strong>Juan Arcos <\/strong><\/p>\n\n\n\n<p>Xalapa, Ver.- Una pareja fue detenida como presunta responsable del homicidio de un peluquero en la colonia Revoluci\u00f3n de la ciudad de Xalapa, la capital de Veracruz.<\/p>\n\n\n\n<p>La v\u00edctima, identificada como Abraham, fue atacada con arma blanca al interior de su negocio, ubicado sobre la avenida Atenas Veracruzana, esquina Antonio de Mendoza, donde los vecinos reportaron la situaci\u00f3n al n\u00famero de emergencia 911.<\/p>\n\n\n\n<p>Polic\u00edas ministeriales realizaron una investigaci\u00f3n y lograron la detenci\u00f3n de Mar\u00eda Antonia y Guillermo, quien supuestamente es trabajador del Poder Judicial del Estado de Veracruz.<\/p>\n\n\n\n<p>Ambos fueron trasladados al penal de Pacho Viejo, ubicado en el municipio de Coatepec, a unos ocho kil\u00f3metros de distancia de la ciudad de Xalapa, donde fueron presentados ante un juez de control.<\/p>\n\n\n\n<p>El crimen ocurri\u00f3 el pasado 11 de noviembre, aproximadamente a las 7:30 horas, cuando abr\u00eda el local comercial para iniciar su jornada laboral como lo hac\u00eda diariamente.<\/p>\n\n\n\n<p>Abraham, un se\u00f1or de aproximadamente 60 a\u00f1os, fue localizado sin vida al interior de su peluquer\u00eda donde su cuerpo presentaba m\u00e1s de 30 heridas ocasionadas con un arma punzocortante.<\/p>\n\n\n\n<p>Los vecinos se percataron de lo sucedido alrededor de dos horas despu\u00e9s y lo reportaron a las corporaciones policiacas para que arribaran al sitio.<\/p>\n\n\n\n<p>Circula la versi\u00f3n de que los agresores sometieron a la v\u00edctima y la encerraron en el local para cometer un robo en el establecimiento.<\/p>\n\n\n\n<p>Tambi\u00e9n se habla de un presunto crimen pasional, situaci\u00f3n que no ha sido confirmada por las autoridades.<\/p>\n\n\n\n<p>Adem\u00e1s, la Fiscal\u00eda General del Estado (FGE) contin\u00faa las investigaciones para el esclarecimiento de este caso.<\/p>\n\n\n\n<p>La FGE, dependencia estatal a cargo de Ver\u00f3nica Hern\u00e1ndez Giad\u00e1ns, inform\u00f3 querealiz\u00f3 imputaci\u00f3n en contra de Mar\u00eda Antonia \u201cN\u201d y Guillermo \u201cN\u201d como presuntos responsables del delito de homicidio doloso calificado cometido en agravio de la v\u00edctima A.M.C.<\/p>\n\n\n\n<p>\u201cLos hechos ocurrieron al interior de una barber\u00eda en la colonia Revoluci\u00f3n de esta ciudad, en donde la v\u00edctima fue presuntamente privada de la vida mediante varias heridas realizadas con un arma blanca\u201d, se lee en el comunicado.<\/p>\n\n\n\n<p>El Juez de Control dict\u00f3 como medida cautelar prisi\u00f3n preventiva oficiosa por dos a\u00f1os, dentro del proceso penal 627\/2023.<\/p>\n","protected":false},"excerpt":{"rendered":"<p>Juan Arcos Xalapa, Ver.- Una pareja fue detenida como presunta responsable del homicidio de un peluquero en la colonia Revoluci\u00f3n de la ciudad de Xalapa, la capital de Veracruz. La v\u00edctima, identificada como Abraham, fue atacada con arma blanca al interior de su negocio, ubicado sobre la avenida Atenas Veracruzana, esquina Antonio de Mendoza, donde [&hellip;]<\/p>\n","protected":false},"author":2476,"featured_media":47570,"comment_status":"open","ping_status":"open","sticky":false,"template":"","format":"standard","meta":{"_jetpack_memberships_contains_paid_content":false,"footnotes":""},"categories":[2],"tags":[],"class_list":["post-47569","post","type-post","status-publish","format-standard","has-post-thumbnail","hentry","category-estado"],"jetpack_featured_media_url":"https:\/\/encuentroinformativo.com.mx\/wp-content\/uploads\/2023\/11\/a883977c-dd60-41f3-9f16-e8b15f1f6171.jpg","jetpack_sharing_enabled":true,"jetpack_likes_enabled":true,"amp_enabled":true,"_links":{"self":[{"href":"https:\/\/encuentroinformativo.com.mx\/index.php?rest_route=\/wp\/v2\/posts\/47569","targetHints":{"allow":["GET"]}}],"collection":[{"href":"https:\/\/encuentroinformativo.com.mx\/index.php?rest_route=\/wp\/v2\/posts"}],"about":[{"href":"https:\/\/encuentroinformativo.com.mx\/index.php?rest_route=\/wp\/v2\/types\/post"}],"author":[{"embeddable":true,"href":"https:\/\/encuentroinformativo.com.mx\/index.php?rest_route=\/wp\/v2\/users\/2476"}],"replies":[{"embeddable":true,"href":"https:\/\/encuentroinformativo.com.mx\/index.php?rest_route=%2Fwp%2Fv2%2Fcomments&post=47569"}],"version-history":[{"count":1,"href":"https:\/\/encuentroinformativo.com.mx\/index.php?rest_route=\/wp\/v2\/posts\/47569\/revisions"}],"predecessor-version":[{"id":47571,"href":"https:\/\/encuentroinformativo.com.mx\/index.php?rest_route=\/wp\/v2\/posts\/47569\/revisions\/47571"}],"wp:featuredmedia":[{"embeddable":true,"href":"https:\/\/encuentroinformativo.com.mx\/index.php?rest_route=\/wp\/v2\/media\/47570"}],"wp:attachment":[{"href":"https:\/\/encuentroinformativo.com.mx\/index.php?rest_route=%2Fwp%2Fv2%2Fmedia&parent=47569"}],"wp:term":[{"taxonomy":"category","embeddable":true,"href":"https:\/\/encuentroinformativo.com.mx\/index.php?rest_route=%2Fwp%2Fv2%2Fcategories&post=47569"},{"taxonomy":"post_tag","embeddable":true,"href":"https:\/\/encuentroinformativo.com.mx\/index.php?rest_route=%2Fwp%2Fv2%2Ftags&post=47569"}],"curies":[{"name":"wp","href":"https:\/\/api.w.org\/{rel}","templated":true}]}}