{"id":47582,"date":"2023-11-16T10:48:12","date_gmt":"2023-11-16T16:48:12","guid":{"rendered":"https:\/\/encuentroinformativo.com.mx\/?p=47582"},"modified":"2023-11-16T10:48:13","modified_gmt":"2023-11-16T16:48:13","slug":"gobernador-detencion-y-cargos-por-desaparicion-a-involucrados-en-fosa-de-el-castillo","status":"publish","type":"post","link":"https:\/\/encuentroinformativo.com.mx\/?p=47582","title":{"rendered":"Gobernador: detenci\u00f3n y cargos por desaparici\u00f3n a involucrados en fosa de El Castillo"},"content":{"rendered":"\n<p>Xalapa, Ver<em>.-<\/em> El gobernador Cuitl\u00e1huac Garc\u00eda Jim\u00e9nez inform\u00f3 que las personas pertenecientes a una banda ya detenida, quienes, tras ser interrogadas por la Fiscal\u00eda General del Estado (FGE), proporcionaron informaci\u00f3n sobre la fosa en El Castillo; se les imputar\u00e1 el delito de desaparici\u00f3n a particulares.<\/p>\n\n\n\n<p>En entrevista para el programa &#8220;A 8 columnas&#8221; de Radio Televisi\u00f3n de Veracruz, detall\u00f3 que este hecho comenz\u00f3 a investigarse desde el 16 de agosto, cuando la FGE recibi\u00f3 dos denuncias por el secuestro de tres personas en un presunto punto de consumo de drogas por un grupo armado.<\/p>\n\n\n\n<p>Explic\u00f3 que la FGE inici\u00f3 las investigaciones y la b\u00fasqueda, realizando tres cateos que resultaron en la detenci\u00f3n de seis personas en diferentes momentos, vinculadas con la desaparici\u00f3n.<\/p>\n\n\n\n<p>&#8220;Con la informaci\u00f3n proporcionada sobre lo que hab\u00eda sucedido con las personas secuestradas, se dedujeron los lugares donde posiblemente hab\u00edan dejado a las v\u00edctimas. Se les imputar\u00e1 el cargo de desaparici\u00f3n a particulares&#8221;, afirm\u00f3.<\/p>\n\n\n\n<p>El 7 de noviembre pasado, con la autorizaci\u00f3n de un juez, se intervino un punto en parcelas ejidales en la localidad de El Castillo, recuper\u00e1ndose los cuerpos de cinco v\u00edctimas: dos hombres, dos mujeres y un menor de edad.<\/p>\n","protected":false},"excerpt":{"rendered":"<p>Xalapa, Ver.- El gobernador Cuitl\u00e1huac Garc\u00eda Jim\u00e9nez inform\u00f3 que las personas pertenecientes a una banda ya detenida, quienes, tras ser interrogadas por la Fiscal\u00eda General del Estado (FGE), proporcionaron informaci\u00f3n sobre la fosa en El Castillo; se les imputar\u00e1 el delito de desaparici\u00f3n a particulares. En entrevista para el programa &#8220;A 8 columnas&#8221; de Radio [&hellip;]<\/p>\n","protected":false},"author":2476,"featured_media":47583,"comment_status":"open","ping_status":"open","sticky":false,"template":"","format":"standard","meta":{"_jetpack_memberships_contains_paid_content":false,"footnotes":""},"categories":[2],"tags":[],"class_list":["post-47582","post","type-post","status-publish","format-standard","has-post-thumbnail","hentry","category-estado"],"jetpack_featured_media_url":"https:\/\/encuentroinformativo.com.mx\/wp-content\/uploads\/2023\/11\/IMG-20231116-WA0005.jpg","jetpack_sharing_enabled":true,"jetpack_likes_enabled":true,"amp_enabled":true,"_links":{"self":[{"href":"https:\/\/encuentroinformativo.com.mx\/index.php?rest_route=\/wp\/v2\/posts\/47582","targetHints":{"allow":["GET"]}}],"collection":[{"href":"https:\/\/encuentroinformativo.com.mx\/index.php?rest_route=\/wp\/v2\/posts"}],"about":[{"href":"https:\/\/encuentroinformativo.com.mx\/index.php?rest_route=\/wp\/v2\/types\/post"}],"author":[{"embeddable":true,"href":"https:\/\/encuentroinformativo.com.mx\/index.php?rest_route=\/wp\/v2\/users\/2476"}],"replies":[{"embeddable":true,"href":"https:\/\/encuentroinformativo.com.mx\/index.php?rest_route=%2Fwp%2Fv2%2Fcomments&post=47582"}],"version-history":[{"count":1,"href":"https:\/\/encuentroinformativo.com.mx\/index.php?rest_route=\/wp\/v2\/posts\/47582\/revisions"}],"predecessor-version":[{"id":47584,"href":"https:\/\/encuentroinformativo.com.mx\/index.php?rest_route=\/wp\/v2\/posts\/47582\/revisions\/47584"}],"wp:featuredmedia":[{"embeddable":true,"href":"https:\/\/encuentroinformativo.com.mx\/index.php?rest_route=\/wp\/v2\/media\/47583"}],"wp:attachment":[{"href":"https:\/\/encuentroinformativo.com.mx\/index.php?rest_route=%2Fwp%2Fv2%2Fmedia&parent=47582"}],"wp:term":[{"taxonomy":"category","embeddable":true,"href":"https:\/\/encuentroinformativo.com.mx\/index.php?rest_route=%2Fwp%2Fv2%2Fcategories&post=47582"},{"taxonomy":"post_tag","embeddable":true,"href":"https:\/\/encuentroinformativo.com.mx\/index.php?rest_route=%2Fwp%2Fv2%2Ftags&post=47582"}],"curies":[{"name":"wp","href":"https:\/\/api.w.org\/{rel}","templated":true}]}}