{"id":47585,"date":"2023-11-16T12:02:14","date_gmt":"2023-11-16T18:02:14","guid":{"rendered":"https:\/\/encuentroinformativo.com.mx\/?p=47585"},"modified":"2023-11-16T12:02:15","modified_gmt":"2023-11-16T18:02:15","slug":"anuncian-caravana-coca-cola","status":"publish","type":"post","link":"https:\/\/encuentroinformativo.com.mx\/?p=47585","title":{"rendered":"Anuncian Caravana Coca-Cola"},"content":{"rendered":"\n<p><strong>Dar\u00edo Pale <\/strong><\/p>\n\n\n\n<p>Xalapa,Ver.- Dan a conocer de manera oficial el regreso de la &#8220;Caravana Coca-Cola&#8221; a la ciudad de Xalapa el pr\u00f3ximo mi\u00e9rcoles 6 de diciembre, en el marco de las festividades navide\u00f1as, as\u00ed lo dieron a conocer autoridades municipales y representantes de Coca-Cola FEMSA.<\/p>\n\n\n\n<p>En conferencia de prensa Samuel Ferrer Mijangos, Gerente de Asuntos Corporativos y Gubernamentales de Coca-Cola FEMSA, detall\u00f3 que la caravana dar\u00e1 inicio en punto de las 19:00 horas.<\/p>\n\n\n\n<p>Estar\u00e1 conformada por siete plataformas, un cami\u00f3n y m\u00e1s de cien personas que integrar\u00e1n diferentes comparsas, todo iluminado y con colores caracter\u00edsticos de la navidad.\u00a0<\/p>\n\n\n\n<p>El ayuntamiento de Xalapa asegur\u00f3 que el recorrido y los cierres viales estar\u00e1n a cargo de personal de Tr\u00e1nsito del Estado, Polic\u00eda Municipal, entre otras \u00e1reas; se estima que su duraci\u00f3n sea de aproximadamente tres horas.<\/p>\n\n\n\n<p>El recorrido dar\u00e1 inicio en la esquina de la avenida 20 de Noviembre y Maestros Veracruzanos, y continuar\u00e1 con una primera parada a la altura del Hotel Misi\u00f3n, una segunda parada en el Parque Ju\u00e1rez y una tercera parada en el Teatro del Estado.<\/p>\n\n\n\n<p>Por \u00faltimo se\u00f1al\u00f3 que la caravana culminar\u00e1 en la glorieta de \u00c1vila Cacho y la Avenida Xalapa, a la altura del Ex Cinema Pepe, y el desemboque se realizar\u00e1 en el patio de maniobras del Pante\u00f3n Xalape\u00f1o.<\/p>\n","protected":false},"excerpt":{"rendered":"<p>Dar\u00edo Pale Xalapa,Ver.- Dan a conocer de manera oficial el regreso de la &#8220;Caravana Coca-Cola&#8221; a la ciudad de Xalapa el pr\u00f3ximo mi\u00e9rcoles 6 de diciembre, en el marco de las festividades navide\u00f1as, as\u00ed lo dieron a conocer autoridades municipales y representantes de Coca-Cola FEMSA. En conferencia de prensa Samuel Ferrer Mijangos, Gerente de Asuntos [&hellip;]<\/p>\n","protected":false},"author":2476,"featured_media":47586,"comment_status":"open","ping_status":"open","sticky":false,"template":"","format":"standard","meta":{"_jetpack_memberships_contains_paid_content":false,"footnotes":""},"categories":[3],"tags":[],"class_list":["post-47585","post","type-post","status-publish","format-standard","has-post-thumbnail","hentry","category-xalapa"],"jetpack_featured_media_url":"https:\/\/encuentroinformativo.com.mx\/wp-content\/uploads\/2023\/11\/IMG-20231116-WA00192.jpg","jetpack_sharing_enabled":true,"jetpack_likes_enabled":true,"amp_enabled":true,"_links":{"self":[{"href":"https:\/\/encuentroinformativo.com.mx\/index.php?rest_route=\/wp\/v2\/posts\/47585","targetHints":{"allow":["GET"]}}],"collection":[{"href":"https:\/\/encuentroinformativo.com.mx\/index.php?rest_route=\/wp\/v2\/posts"}],"about":[{"href":"https:\/\/encuentroinformativo.com.mx\/index.php?rest_route=\/wp\/v2\/types\/post"}],"author":[{"embeddable":true,"href":"https:\/\/encuentroinformativo.com.mx\/index.php?rest_route=\/wp\/v2\/users\/2476"}],"replies":[{"embeddable":true,"href":"https:\/\/encuentroinformativo.com.mx\/index.php?rest_route=%2Fwp%2Fv2%2Fcomments&post=47585"}],"version-history":[{"count":1,"href":"https:\/\/encuentroinformativo.com.mx\/index.php?rest_route=\/wp\/v2\/posts\/47585\/revisions"}],"predecessor-version":[{"id":47587,"href":"https:\/\/encuentroinformativo.com.mx\/index.php?rest_route=\/wp\/v2\/posts\/47585\/revisions\/47587"}],"wp:featuredmedia":[{"embeddable":true,"href":"https:\/\/encuentroinformativo.com.mx\/index.php?rest_route=\/wp\/v2\/media\/47586"}],"wp:attachment":[{"href":"https:\/\/encuentroinformativo.com.mx\/index.php?rest_route=%2Fwp%2Fv2%2Fmedia&parent=47585"}],"wp:term":[{"taxonomy":"category","embeddable":true,"href":"https:\/\/encuentroinformativo.com.mx\/index.php?rest_route=%2Fwp%2Fv2%2Fcategories&post=47585"},{"taxonomy":"post_tag","embeddable":true,"href":"https:\/\/encuentroinformativo.com.mx\/index.php?rest_route=%2Fwp%2Fv2%2Ftags&post=47585"}],"curies":[{"name":"wp","href":"https:\/\/api.w.org\/{rel}","templated":true}]}}