{"id":47594,"date":"2023-11-16T12:09:55","date_gmt":"2023-11-16T18:09:55","guid":{"rendered":"https:\/\/encuentroinformativo.com.mx\/?p=47594"},"modified":"2023-11-16T12:09:56","modified_gmt":"2023-11-16T18:09:56","slug":"dan-ultimo-adios-a-marilu-y-su-pequeno-hijo","status":"publish","type":"post","link":"https:\/\/encuentroinformativo.com.mx\/?p=47594","title":{"rendered":"Dan \u00faltimo adi\u00f3s a Maril\u00fa y su peque\u00f1o hijo"},"content":{"rendered":"\n<p><strong>Dar\u00edo Pale <\/strong><\/p>\n\n\n\n<p>Xalapa, Ver.- Luego de ser entregados a sus familiares y velados en un domicilio particular de la capital, los restos de Maril\u00fa y Jadiel fueron trasladados al Pante\u00f3n Bosques de Xalapa, alrededor de las 10:30 horas.<\/p>\n\n\n\n<p>La ma\u00f1ana de este jueves se llev\u00f3 a cabo el sepelio de Maril\u00fa Galicia Hern\u00e1ndez y su peque\u00f1o hijo, Jadiel David, dos de las v\u00edctimas halladas en la fosa clandestina localizada en la congregaci\u00f3n El Castillo.<\/p>\n\n\n\n<p>El cortejo f\u00fanebre que acompa\u00f1\u00f3 a la joven madre y su hijo hasta su \u00faltima morada fue custodiado por patrullas y elementos de la Secretar\u00eda de Seguridad P\u00fablica del Estado.<\/p>\n\n\n\n<p>Los familiares omitieron dar declaraciones y procedieron a darles el \u00faltimo adi\u00f3s acompa\u00f1ados de sus seres queridos.<\/p>\n\n\n\n<p>Cabe recordar que Jadiel David ten\u00eda apenas tres a\u00f1os cuando fue reportado como desaparecido junto a su madre Maril\u00fa Galicia Hern\u00e1ndez, de 21 a\u00f1os de edad, el 16 de agosto de este a\u00f1o.<\/p>\n\n\n\n<p>Forman parte de las cinco personas halladas en la fosa donde tambi\u00e9n fueron encontrados los cuerpos de Emmanuel Rodr\u00edguez de la Rosa, de 33 a\u00f1os, Jorge Hern\u00e1ndez Tapia, de 49 a\u00f1os de edad, y Beatr\u00edz Garc\u00eda Hern\u00e1ndez, de 34 a\u00f1os.<\/p>\n\n\n\n<p>La fosa en la que se encontraron sus restos es la segunda localizada en la zona de El Castillo este mismo a\u00f1o, pues el pasado 7 de octubre tambi\u00e9n se descubri\u00f3 un punto positivo en el que fueron encontrados los cuerpos de otras cinco personas.<\/p>\n\n\n\n<p>Por \u00faltimo cabe se\u00f1alar que las propias autoridades de la congregaci\u00f3n reconocen que la zona de El Castillo se ha convertido en un &#8220;tiradero&#8221; por parte de los integrantes \u00a0de la delincuencia organizada.<\/p>\n","protected":false},"excerpt":{"rendered":"<p>Dar\u00edo Pale Xalapa, Ver.- Luego de ser entregados a sus familiares y velados en un domicilio particular de la capital, los restos de Maril\u00fa y Jadiel fueron trasladados al Pante\u00f3n Bosques de Xalapa, alrededor de las 10:30 horas. La ma\u00f1ana de este jueves se llev\u00f3 a cabo el sepelio de Maril\u00fa Galicia Hern\u00e1ndez y su [&hellip;]<\/p>\n","protected":false},"author":2476,"featured_media":47595,"comment_status":"open","ping_status":"open","sticky":false,"template":"","format":"standard","meta":{"_jetpack_memberships_contains_paid_content":false,"footnotes":""},"categories":[3],"tags":[],"class_list":["post-47594","post","type-post","status-publish","format-standard","has-post-thumbnail","hentry","category-xalapa"],"jetpack_featured_media_url":"https:\/\/encuentroinformativo.com.mx\/wp-content\/uploads\/2023\/11\/IMG-20231116-WA0029.jpg","jetpack_sharing_enabled":true,"jetpack_likes_enabled":true,"amp_enabled":true,"_links":{"self":[{"href":"https:\/\/encuentroinformativo.com.mx\/index.php?rest_route=\/wp\/v2\/posts\/47594","targetHints":{"allow":["GET"]}}],"collection":[{"href":"https:\/\/encuentroinformativo.com.mx\/index.php?rest_route=\/wp\/v2\/posts"}],"about":[{"href":"https:\/\/encuentroinformativo.com.mx\/index.php?rest_route=\/wp\/v2\/types\/post"}],"author":[{"embeddable":true,"href":"https:\/\/encuentroinformativo.com.mx\/index.php?rest_route=\/wp\/v2\/users\/2476"}],"replies":[{"embeddable":true,"href":"https:\/\/encuentroinformativo.com.mx\/index.php?rest_route=%2Fwp%2Fv2%2Fcomments&post=47594"}],"version-history":[{"count":1,"href":"https:\/\/encuentroinformativo.com.mx\/index.php?rest_route=\/wp\/v2\/posts\/47594\/revisions"}],"predecessor-version":[{"id":47596,"href":"https:\/\/encuentroinformativo.com.mx\/index.php?rest_route=\/wp\/v2\/posts\/47594\/revisions\/47596"}],"wp:featuredmedia":[{"embeddable":true,"href":"https:\/\/encuentroinformativo.com.mx\/index.php?rest_route=\/wp\/v2\/media\/47595"}],"wp:attachment":[{"href":"https:\/\/encuentroinformativo.com.mx\/index.php?rest_route=%2Fwp%2Fv2%2Fmedia&parent=47594"}],"wp:term":[{"taxonomy":"category","embeddable":true,"href":"https:\/\/encuentroinformativo.com.mx\/index.php?rest_route=%2Fwp%2Fv2%2Fcategories&post=47594"},{"taxonomy":"post_tag","embeddable":true,"href":"https:\/\/encuentroinformativo.com.mx\/index.php?rest_route=%2Fwp%2Fv2%2Ftags&post=47594"}],"curies":[{"name":"wp","href":"https:\/\/api.w.org\/{rel}","templated":true}]}}