{"id":47600,"date":"2023-11-16T13:24:47","date_gmt":"2023-11-16T19:24:47","guid":{"rendered":"https:\/\/encuentroinformativo.com.mx\/?p=47600"},"modified":"2023-11-16T13:24:48","modified_gmt":"2023-11-16T19:24:48","slug":"organizan-desfile-en-zona-rural-de-veracruz-puerto","status":"publish","type":"post","link":"https:\/\/encuentroinformativo.com.mx\/?p=47600","title":{"rendered":"Organizan desfile en zona rural de Veracruz Puerto"},"content":{"rendered":"\n<p><strong>Alejandro \u00c1vila<\/strong><\/p>\n\n\n\n<p>Veracruz, Ver.- Alejandro S\u00e1nchez Ortiz, representante de Distintivo 91697, mencion\u00f3 que invitaron a la alcaldesa de Veracruz, Patricia Lobeira Rodr\u00edguez, al desfile que organizaron en la zona rural, con motivo del 113 aniversario de la Revoluci\u00f3n Mexicana.<\/p>\n\n\n\n<p>El entrevistado dijo que el a\u00f1o anterior la presidenta municipal se dio cita y fue testigo de su evento, y en esta ocasi\u00f3n se han sumado m\u00e1s escuelas, m\u00e1s voluntarios e incluso, una comitiva del 83 Batall\u00f3n Militar, por lo que se espera un contingente numeroso.<\/p>\n\n\n\n<p>El evento se realizar\u00e1 el pr\u00f3ximo lunes 21 de noviembre en la zona rural de Tejer\u00eda, este contar\u00e1 con la participaci\u00f3n de 17 escuelas y aproximadamente 3 mil estudiantes.<\/p>\n\n\n\n<p>&#8220;Estamos invitando a las 8 de la ma\u00f1ana en la Escuela Secundaria T\u00e9cnica Industrial n\u00famero 78, se tendr\u00e1 la participaci\u00f3n de 17 escuelas confirmadas con 3 mil alumnos, se espera que en la asistencia total sea de 10 mil personas (\u2026) es un desfile c\u00edvico &#8211; deportivo, nosotros ya vamos desde 1983 realizando este desfile \u00fanicamente interrumpido por dos a\u00f1os por pandemia, estamos hablando de un desfile conmemorativo que tiene un arraigo en la zona, lo que queremos hacer actualmente es hacerlo masivo, que se difunda, que la gente llegue y participe, lo que queremos hacer aqu\u00ed es fomentar la cultura entre nuestros j\u00f3venes&#8221;, resalt\u00f3.<\/p>\n\n\n\n<p>Destac\u00f3 que por parte de la agrupaci\u00f3n que representa se est\u00e1 buscando fomentar la cultura entre los j\u00f3venes de la zona.<\/p>\n\n\n\n<p>&#8220;Estamos iniciando un proceso de una agrupaci\u00f3n de la zona rural de Tejer\u00eda, nosotros estamos tratando de fomentar cultura, valores, estamos buscando que la gente de la zona se identifique, estamos buscando que la gente participe porque queremos hacer de esto una extensi\u00f3n masiva, que la gente vaya y nos visite a la zona rural tenemos tradiciones&#8221;.<\/p>\n\n\n\n<p>Alejandro S\u00e1nchez, record\u00f3 que recientemente se realiz\u00f3 un Festival de D\u00eda de Muertos, con gran afluencia, y ahora toca el turno del desfile por la Revoluci\u00f3n Mexicana.<\/p>\n\n\n\n<p>Adem\u00e1s, dijo que participar\u00e1n pr\u00e1cticamente todas las escuelas de las zonas k\u00ednder, primaria, secundaria y escuelas de educaci\u00f3n especial, &#8220;buscamos integrar&#8221;.<\/p>\n","protected":false},"excerpt":{"rendered":"<p>Alejandro \u00c1vila Veracruz, Ver.- Alejandro S\u00e1nchez Ortiz, representante de Distintivo 91697, mencion\u00f3 que invitaron a la alcaldesa de Veracruz, Patricia Lobeira Rodr\u00edguez, al desfile que organizaron en la zona rural, con motivo del 113 aniversario de la Revoluci\u00f3n Mexicana. El entrevistado dijo que el a\u00f1o anterior la presidenta municipal se dio cita y fue testigo [&hellip;]<\/p>\n","protected":false},"author":2476,"featured_media":47601,"comment_status":"open","ping_status":"open","sticky":false,"template":"","format":"standard","meta":{"_jetpack_memberships_contains_paid_content":false,"footnotes":""},"categories":[2],"tags":[],"class_list":["post-47600","post","type-post","status-publish","format-standard","has-post-thumbnail","hentry","category-estado"],"jetpack_featured_media_url":"https:\/\/encuentroinformativo.com.mx\/wp-content\/uploads\/2023\/11\/IMG-20231116-WA00472.jpg","jetpack_sharing_enabled":true,"jetpack_likes_enabled":true,"amp_enabled":true,"_links":{"self":[{"href":"https:\/\/encuentroinformativo.com.mx\/index.php?rest_route=\/wp\/v2\/posts\/47600","targetHints":{"allow":["GET"]}}],"collection":[{"href":"https:\/\/encuentroinformativo.com.mx\/index.php?rest_route=\/wp\/v2\/posts"}],"about":[{"href":"https:\/\/encuentroinformativo.com.mx\/index.php?rest_route=\/wp\/v2\/types\/post"}],"author":[{"embeddable":true,"href":"https:\/\/encuentroinformativo.com.mx\/index.php?rest_route=\/wp\/v2\/users\/2476"}],"replies":[{"embeddable":true,"href":"https:\/\/encuentroinformativo.com.mx\/index.php?rest_route=%2Fwp%2Fv2%2Fcomments&post=47600"}],"version-history":[{"count":1,"href":"https:\/\/encuentroinformativo.com.mx\/index.php?rest_route=\/wp\/v2\/posts\/47600\/revisions"}],"predecessor-version":[{"id":47602,"href":"https:\/\/encuentroinformativo.com.mx\/index.php?rest_route=\/wp\/v2\/posts\/47600\/revisions\/47602"}],"wp:featuredmedia":[{"embeddable":true,"href":"https:\/\/encuentroinformativo.com.mx\/index.php?rest_route=\/wp\/v2\/media\/47601"}],"wp:attachment":[{"href":"https:\/\/encuentroinformativo.com.mx\/index.php?rest_route=%2Fwp%2Fv2%2Fmedia&parent=47600"}],"wp:term":[{"taxonomy":"category","embeddable":true,"href":"https:\/\/encuentroinformativo.com.mx\/index.php?rest_route=%2Fwp%2Fv2%2Fcategories&post=47600"},{"taxonomy":"post_tag","embeddable":true,"href":"https:\/\/encuentroinformativo.com.mx\/index.php?rest_route=%2Fwp%2Fv2%2Ftags&post=47600"}],"curies":[{"name":"wp","href":"https:\/\/api.w.org\/{rel}","templated":true}]}}