{"id":47616,"date":"2023-11-16T17:16:11","date_gmt":"2023-11-16T23:16:11","guid":{"rendered":"https:\/\/encuentroinformativo.com.mx\/?p=47616"},"modified":"2023-11-16T17:16:12","modified_gmt":"2023-11-16T23:16:12","slug":"codigo-rojo-en-veracruz-tras-enfrentamiento-en-carretera-de-paso-del-toro","status":"publish","type":"post","link":"https:\/\/encuentroinformativo.com.mx\/?p=47616","title":{"rendered":"C\u00f3digo Rojo en Veracruz tras enfrentamiento en carretera de Paso del Toro"},"content":{"rendered":"\n<p><strong>Alejandro \u00c1vila<\/strong><\/p>\n\n\n\n<p><strong>Fotos: <\/strong>Sergio Aldazaba\/Cortes\u00eda <\/p>\n\n\n\n<p>Medell\u00edn de Bravo, Ver.- Tras un fuerte enfrentamiento entre elementos de la Secretar\u00eda de Seguridad P\u00fablica y civiles armados, mismo que tuvo lugar la tarde de este jueves sobre el libramiento Paso del Toro-Santa Fe, el cual permaneci\u00f3 cerrado durante varias horas, se activ\u00f3 el C\u00f3digo Rojo en la zona conurbada.<\/p>\n\n\n\n<p>Hasta este momento el saldo es de tres camionetas particulares aseguradas, adem\u00e1s una patrulla da\u00f1ada, todas con numerosos impactos de bala, pero por fortuna ninguna persona result\u00f3 herida o fallecida.<\/p>\n\n\n\n<p>De acuerdo a la informaci\u00f3n obtenida en el lugar, la unidad de la polic\u00eda estatal marcada con el n\u00famero econ\u00f3mico SP-3470, detect\u00f3 que las mencionadas unidades aparentemente contaban con reporte de robo.<\/p>\n\n\n\n<p>Se trataba de las camionetas tipo MG color blanca, Creta color gris y Toyota negra que se desplazaban a un par de kil\u00f3metros del entronque a la caseta hacia la pista Veracruz &#8211; Cordoba, pero sus ocupantes trataron de huir.<\/p>\n\n\n\n<p>Fue en ese momento que se desat\u00f3 la persecuci\u00f3n en la cual hubo un numeroso intercambio de disparos, en el que dejaron inutilizable la patrulla y dejaron abandonadas dos de las unidades para aparentemente huir en la tercera.<\/p>\n\n\n\n<p>Los responsables supuestamente escaparon en la Toyota que fue encontrada algunos kil\u00f3metros m\u00e1s adelante cerca de una tienda de conveniencia Oxxo, en tanto los oficiales agredidos de inmediato solicitaron refuerzos para activar el c\u00f3digo rojo.<\/p>\n\n\n\n<p>Decenas de unidades policiales se trasladaron hasta ese lugar donde se encontraban las otras dos camionetas abandonadas tambi\u00e9n con numerosos impactos, pero por fortuna ninguno de los oficiales result\u00f3 herido.<\/p>\n\n\n\n<p>En la escena del crimen pod\u00edan observarse m\u00e1s de un centenar de castillos percutidos de diversos calibres, adem\u00e1s de que toda la zona fue reforzada para tratar de dar con los agresores, pero hasta el momento sin \u00e9xito.<\/p>\n\n\n\n<p>Personal de la direcci\u00f3n de servicios periciales lleg\u00f3 este sitio para realizar el embalaje de los indicios para su integraci\u00f3n a la carpeta correspondiente, en tanto personal de la polic\u00eda ministerial tomo conocimiento.<\/p>\n\n\n\n<p>En el dispositivo participaron elementos de la polic\u00eda estatal, Guardia Nacional, polic\u00eda municipal de Medell\u00edn y la SEDENA, Los cuales cerraron el carril que va con direcci\u00f3n de Santa Fe a Paso del Toro Durante varias horas mientras se realizaban las diligencias.<\/p>\n\n\n\n<figure class=\"wp-block-image size-large\"><img loading=\"lazy\" decoding=\"async\" width=\"1024\" height=\"678\" src=\"https:\/\/encuentroinformativo.com.mx\/wp-content\/uploads\/2023\/11\/IMG-20231116-WA0080-1024x678.jpg\" alt=\"\" class=\"wp-image-47618\" srcset=\"https:\/\/encuentroinformativo.com.mx\/wp-content\/uploads\/2023\/11\/IMG-20231116-WA0080-1024x678.jpg 1024w, https:\/\/encuentroinformativo.com.mx\/wp-content\/uploads\/2023\/11\/IMG-20231116-WA0080-300x199.jpg 300w, https:\/\/encuentroinformativo.com.mx\/wp-content\/uploads\/2023\/11\/IMG-20231116-WA0080-768x508.jpg 768w, https:\/\/encuentroinformativo.com.mx\/wp-content\/uploads\/2023\/11\/IMG-20231116-WA0080-1536x1017.jpg 1536w, https:\/\/encuentroinformativo.com.mx\/wp-content\/uploads\/2023\/11\/IMG-20231116-WA0080.jpg 1600w\" sizes=\"auto, (max-width: 1024px) 100vw, 1024px\" \/><\/figure>\n\n\n\n<figure class=\"wp-block-image size-large\"><img loading=\"lazy\" decoding=\"async\" width=\"1024\" height=\"678\" src=\"https:\/\/encuentroinformativo.com.mx\/wp-content\/uploads\/2023\/11\/IMG-20231116-WA0082-1024x678.jpg\" alt=\"\" class=\"wp-image-47619\" srcset=\"https:\/\/encuentroinformativo.com.mx\/wp-content\/uploads\/2023\/11\/IMG-20231116-WA0082-1024x678.jpg 1024w, https:\/\/encuentroinformativo.com.mx\/wp-content\/uploads\/2023\/11\/IMG-20231116-WA0082-300x199.jpg 300w, https:\/\/encuentroinformativo.com.mx\/wp-content\/uploads\/2023\/11\/IMG-20231116-WA0082-768x508.jpg 768w, https:\/\/encuentroinformativo.com.mx\/wp-content\/uploads\/2023\/11\/IMG-20231116-WA0082-1536x1017.jpg 1536w, https:\/\/encuentroinformativo.com.mx\/wp-content\/uploads\/2023\/11\/IMG-20231116-WA0082.jpg 1600w\" sizes=\"auto, (max-width: 1024px) 100vw, 1024px\" \/><\/figure>\n","protected":false},"excerpt":{"rendered":"<p>Alejandro \u00c1vila Fotos: Sergio Aldazaba\/Cortes\u00eda Medell\u00edn de Bravo, Ver.- Tras un fuerte enfrentamiento entre elementos de la Secretar\u00eda de Seguridad P\u00fablica y civiles armados, mismo que tuvo lugar la tarde de este jueves sobre el libramiento Paso del Toro-Santa Fe, el cual permaneci\u00f3 cerrado durante varias horas, se activ\u00f3 el C\u00f3digo Rojo en la zona [&hellip;]<\/p>\n","protected":false},"author":2476,"featured_media":47617,"comment_status":"open","ping_status":"open","sticky":false,"template":"","format":"standard","meta":{"_jetpack_memberships_contains_paid_content":false,"footnotes":""},"categories":[2],"tags":[],"class_list":["post-47616","post","type-post","status-publish","format-standard","has-post-thumbnail","hentry","category-estado"],"jetpack_featured_media_url":"https:\/\/encuentroinformativo.com.mx\/wp-content\/uploads\/2023\/11\/IMG-20231116-WA0079.jpg","jetpack_sharing_enabled":true,"jetpack_likes_enabled":true,"amp_enabled":true,"_links":{"self":[{"href":"https:\/\/encuentroinformativo.com.mx\/index.php?rest_route=\/wp\/v2\/posts\/47616","targetHints":{"allow":["GET"]}}],"collection":[{"href":"https:\/\/encuentroinformativo.com.mx\/index.php?rest_route=\/wp\/v2\/posts"}],"about":[{"href":"https:\/\/encuentroinformativo.com.mx\/index.php?rest_route=\/wp\/v2\/types\/post"}],"author":[{"embeddable":true,"href":"https:\/\/encuentroinformativo.com.mx\/index.php?rest_route=\/wp\/v2\/users\/2476"}],"replies":[{"embeddable":true,"href":"https:\/\/encuentroinformativo.com.mx\/index.php?rest_route=%2Fwp%2Fv2%2Fcomments&post=47616"}],"version-history":[{"count":1,"href":"https:\/\/encuentroinformativo.com.mx\/index.php?rest_route=\/wp\/v2\/posts\/47616\/revisions"}],"predecessor-version":[{"id":47620,"href":"https:\/\/encuentroinformativo.com.mx\/index.php?rest_route=\/wp\/v2\/posts\/47616\/revisions\/47620"}],"wp:featuredmedia":[{"embeddable":true,"href":"https:\/\/encuentroinformativo.com.mx\/index.php?rest_route=\/wp\/v2\/media\/47617"}],"wp:attachment":[{"href":"https:\/\/encuentroinformativo.com.mx\/index.php?rest_route=%2Fwp%2Fv2%2Fmedia&parent=47616"}],"wp:term":[{"taxonomy":"category","embeddable":true,"href":"https:\/\/encuentroinformativo.com.mx\/index.php?rest_route=%2Fwp%2Fv2%2Fcategories&post=47616"},{"taxonomy":"post_tag","embeddable":true,"href":"https:\/\/encuentroinformativo.com.mx\/index.php?rest_route=%2Fwp%2Fv2%2Ftags&post=47616"}],"curies":[{"name":"wp","href":"https:\/\/api.w.org\/{rel}","templated":true}]}}