{"id":47624,"date":"2023-11-16T17:56:19","date_gmt":"2023-11-16T23:56:19","guid":{"rendered":"https:\/\/encuentroinformativo.com.mx\/?p=47624"},"modified":"2023-11-16T17:56:20","modified_gmt":"2023-11-16T23:56:20","slug":"boca-del-rio-la-mejor-sede-para-las-convenciones-alcalde-jm-unanue","status":"publish","type":"post","link":"https:\/\/encuentroinformativo.com.mx\/?p=47624","title":{"rendered":"Boca del R\u00edo, la mejor sede para las convenciones: Alcalde JM Un\u00e1nue"},"content":{"rendered":"\n<p><strong><em>*El ejecutivo municipal hizo entrega de reconocimientos como visitantes distinguidos a m\u00e9dicos destacados en el marco del Congreso Nacional de la Asociaci\u00f3n Mexicana de Gen\u00e9tica Humana A.C., que se lleva a cabo del 13 al 18 de noviembre en nuestra ciudad.<\/em><\/strong><\/p>\n\n\n\n<p>Boca del R\u00edo, Ver.- El alcalde de Boca del R\u00edo, Juan Manuel Un\u00e1nue Abascal, dio la bienvenida a los integrantes del Congreso Nacional de la Asociaci\u00f3n Mexicana de Gen\u00e9tica Humana A.C., comentando que en la ciudad encontrar\u00e1n amabilidad, hospitalidad y actitud de servicio de todos los prestadores de servicios.<\/p>\n\n\n\n<p>\u201cSean todos bienvenidos a Boca del R\u00edo, una ciudad joven que ha logrado posicionarse como un referente para el turismo como lo confirma su presencia este d\u00eda, ya que su visita nos impulsa a seguir mejorando las pol\u00edticas en nuestra ciudad, para recibirles como se merecen\u201d, dijo en su discurso.<\/p>\n\n\n\n<p>Ante m\u00e9dicos de todo el pa\u00eds enfatiz\u00f3 que gracias a este tipo de reuniones el municipio boque\u00f1o se ha convertido en un destino competitivo a nivel nacional debido a su alta calidad en hospedajes y de infraestructura para recibir congresos de todo tipo.<\/p>\n\n\n\n<p>Dijo que en la gran diversidad del conocimiento cient\u00edfico, la Gen\u00e9tica ha emergido como una disciplina que transforma nuestra comprensi\u00f3n de la vida y ha revolucionado campos tan diversos como la medicina, la agricultura y la conservaci\u00f3n.<\/p>\n\n\n\n<p>Resalt\u00f3 que gracias a su gran trabajo que realizan todos los presentes inspira a esta administraci\u00f3n municipal a seguir trabajando para sumar esfuerzos en la construcci\u00f3n de una comunidad mejor, donde la ciencia juegue un papel importante para el desarrollo de las personas.<\/p>\n\n\n\n<p>Un\u00e1nue Abascal expres\u00f3 que desde su gobierno se respalda y facilita para que m\u00e1s convenciones, congresos, ferias, exposiciones, conciertos, eventos deportivos y expresiones art\u00edsticas encuentren en Boca del R\u00edo un lugar a la altura.<\/p>\n\n\n\n<p>El Presidente Municipal de Boca del R\u00edo, Juan Manuel Un\u00e1nue Abascal, dese\u00f3 que los trabajos que organiza la Asociaci\u00f3n Mexicana de Gen\u00e9tica Humana sigan fomentando la interacci\u00f3n y el desarrollo de los profesionales en disciplinas afines, para que su contribuci\u00f3n siga mejorando la calidad de vida de las personas.<\/p>\n\n\n\n<p>Finalmente, el ejecutivo municipal hizo entrega de reconocimientos a m\u00e9dicos destacados en su labor realizada a trav\u00e9s de la Gen\u00e9tica Humana en M\u00e9xico.<\/p>\n\n\n\n<p>Presentes en el marco del 48 Congreso Nacional de Gen\u00e9tica Humana estuvo el S\u00edndico Manuel Rivera Polanco, en representaci\u00f3n de Patricia Lobeira Rodr\u00edguez; Presidenta Municipal de Veracruz, Juana In\u00e9s Navarrete Mart\u00ednez; Presidenta de la Asociaci\u00f3n Mexicana de Gen\u00e9tica Humana y Arturo Aguilar Ye; Director del \u00c1rea Acad\u00e9mica de Ciencias de la Salud de la Universidad Veracruzana (UV).<\/p>\n\n\n\n<p>Adem\u00e1s de Romana Guti\u00e9rrez Polo; Coordinadora del IMSS Bienestar en Veracruz y Rodrigo Rojas Navarrete; Director del Sistema Nacional de Competencias de la Secretar\u00eda de Educaci\u00f3n P\u00fablica (SEP).<\/p>\n","protected":false},"excerpt":{"rendered":"<p>*El ejecutivo municipal hizo entrega de reconocimientos como visitantes distinguidos a m\u00e9dicos destacados en el marco del Congreso Nacional de la Asociaci\u00f3n Mexicana de Gen\u00e9tica Humana A.C., que se lleva a cabo del 13 al 18 de noviembre en nuestra ciudad. Boca del R\u00edo, Ver.- El alcalde de Boca del R\u00edo, Juan Manuel Un\u00e1nue Abascal, [&hellip;]<\/p>\n","protected":false},"author":2476,"featured_media":47625,"comment_status":"open","ping_status":"open","sticky":false,"template":"","format":"standard","meta":{"_jetpack_memberships_contains_paid_content":false,"footnotes":""},"categories":[2],"tags":[],"class_list":["post-47624","post","type-post","status-publish","format-standard","has-post-thumbnail","hentry","category-estado"],"jetpack_featured_media_url":"https:\/\/encuentroinformativo.com.mx\/wp-content\/uploads\/2023\/11\/Screenshot_20231116-174428.png","jetpack_sharing_enabled":true,"jetpack_likes_enabled":true,"amp_enabled":true,"_links":{"self":[{"href":"https:\/\/encuentroinformativo.com.mx\/index.php?rest_route=\/wp\/v2\/posts\/47624","targetHints":{"allow":["GET"]}}],"collection":[{"href":"https:\/\/encuentroinformativo.com.mx\/index.php?rest_route=\/wp\/v2\/posts"}],"about":[{"href":"https:\/\/encuentroinformativo.com.mx\/index.php?rest_route=\/wp\/v2\/types\/post"}],"author":[{"embeddable":true,"href":"https:\/\/encuentroinformativo.com.mx\/index.php?rest_route=\/wp\/v2\/users\/2476"}],"replies":[{"embeddable":true,"href":"https:\/\/encuentroinformativo.com.mx\/index.php?rest_route=%2Fwp%2Fv2%2Fcomments&post=47624"}],"version-history":[{"count":1,"href":"https:\/\/encuentroinformativo.com.mx\/index.php?rest_route=\/wp\/v2\/posts\/47624\/revisions"}],"predecessor-version":[{"id":47626,"href":"https:\/\/encuentroinformativo.com.mx\/index.php?rest_route=\/wp\/v2\/posts\/47624\/revisions\/47626"}],"wp:featuredmedia":[{"embeddable":true,"href":"https:\/\/encuentroinformativo.com.mx\/index.php?rest_route=\/wp\/v2\/media\/47625"}],"wp:attachment":[{"href":"https:\/\/encuentroinformativo.com.mx\/index.php?rest_route=%2Fwp%2Fv2%2Fmedia&parent=47624"}],"wp:term":[{"taxonomy":"category","embeddable":true,"href":"https:\/\/encuentroinformativo.com.mx\/index.php?rest_route=%2Fwp%2Fv2%2Fcategories&post=47624"},{"taxonomy":"post_tag","embeddable":true,"href":"https:\/\/encuentroinformativo.com.mx\/index.php?rest_route=%2Fwp%2Fv2%2Ftags&post=47624"}],"curies":[{"name":"wp","href":"https:\/\/api.w.org\/{rel}","templated":true}]}}