{"id":47627,"date":"2023-11-17T07:52:00","date_gmt":"2023-11-17T13:52:00","guid":{"rendered":"https:\/\/encuentroinformativo.com.mx\/?p=47627"},"modified":"2023-11-17T09:37:17","modified_gmt":"2023-11-17T15:37:17","slug":"la-inteligencia-artificial-y-la-extincion-humana","status":"publish","type":"post","link":"https:\/\/encuentroinformativo.com.mx\/?p=47627","title":{"rendered":"La Inteligencia Artificial y la extinci\u00f3n humana"},"content":{"rendered":"\n<p><strong>Columna de Opini\u00f3n<\/strong><\/p>\n\n\n\n<p><strong>MAP. Ricardo Meza Dom\u00ednguez.<\/strong><\/p>\n\n\n\n<p>M\u00e9xico.- No se trata de una predicci\u00f3n que habla acerca de la fecha en la que la Inteligencia Artificial tomara el control de la Tierra. La revoluci\u00f3n de las m\u00e1quinas puede ser un problema, aunque muy lejano, lo que est\u00e1 a la vuelta de la esquina es el destrozo medioambiental que supone alimentar a los centros de entrenamiento de Inteligencia Artificial.<\/p>\n\n\n\n<p>El planeta esta en peligro por el uso de la Inteligencia Artificial, el consumo energ\u00e9tico es superior al de algunos pa\u00edses, seg\u00fan el estudio de una empresa francesa llamada Shneider Electric pone sobre la mesa datos alarmantes que provoca la IA por el consumo que actualmente absorbe el uso de esta tecnolog\u00eda que es unos 4.3 GW de energ\u00eda en todo el mundo. Esta cifra equivale a la cantidad de energ\u00eda consumida por algunos pa\u00edses peque\u00f1os, siendo dr\u00e1stica la necesidad de acci\u00f3n por parte de los gobiernos.<\/p>\n\n\n\n<p>La IA no tiene fecha de caducidad, siendo un peligro su r\u00e1pida adopci\u00f3n. La empresa francesa estima, si el crecimiento se mantiene, para el a\u00f1o 2028 el consumo de energ\u00eda por la IA ser\u00e1 de entre 13.5 y 20 GW lo que supondr\u00eda un crecimiento de hasta el 36%. Los centros de datos son las infraestructura que consume energ\u00eda para as\u00ed alimentar al desarrollo de la IA. El consumo de energ\u00eda est\u00e1 ligado de forma directa a los modelos ejecutados, cantidad de solicitudes recibidas y la tecnolog\u00eda que se emplea para el desarrollo de estos modelos.<\/p>\n\n\n\n<p>La declaraci\u00f3n concisa, firmada por m\u00e1s de 1,000 investigadores y tecn\u00f3logos, Cient\u00edficos y l\u00edderes de la industria tecnol\u00f3gica, incluyendo a Sam Altman, CEO de OpenAI, y Geoffrey Hinton, cient\u00edfico conocido como el padrino de la inteligencia artificial, han emitido una advertencia sobre los riesgos que la inteligencia artificial, plantea para la humanidad un problema, incluyendo a Elon Musk, donde destacan las preocupaciones sobre los chatbots de IA altamente capaces.<\/p>\n\n\n\n<p>Seg\u00fan palabras de Elon Musk sobre la inteligencia artificial; Yo creo que la IA es una de las m\u00e1s grandes amenazas, es decir, tenemos una situaci\u00f3n en donde hay algo que va ser mucho m\u00e1s inteligente que el humano m\u00e1s inteligente. No somos m\u00e1s fuertes ni m\u00e1s r\u00e1pidos que otra criatura, pero somos m\u00e1s inteligentes, y aqu\u00ed estamos por primera vez de verdad en la historia humana con algo que va ser mucho m\u00e1s inteligente que nosotros. No est\u00e1 claro para mi si realmente podemos controlar tal cosa, pero creo que podemos aspirar a guiarlo en una direcci\u00f3n que sea beneficiosa para la humanidad, pero creo que es uno de los riesgos existenciales que enfrentamos y es potencialmente el m\u00e1s apremiante.<\/p>\n\n\n\n<p>La declaraci\u00f3n enfatiza la necesidad de priorizar y abordar el riesgo de extinci\u00f3n derivado de la IA, de manera similar a otros riesgos globales importantes como las pandemias y las guerras nucleares. Aunque&nbsp;no propone soluciones espec\u00edficas, la declaraci\u00f3n sugiere la idea de un regulador internacional para la IA. Hace un llamado a tomar medidas proactivas para abordar los riesgos asociados con la IA antes de que se materialicen, en lugar de enfrentar las consecuencias posteriormente. La declaraci\u00f3n busca reunir apoyo e iniciar discusiones abiertas sobre los riesgos que genera la IA.<\/p>\n","protected":false},"excerpt":{"rendered":"<p>Columna de Opini\u00f3n MAP. Ricardo Meza Dom\u00ednguez. M\u00e9xico.- No se trata de una predicci\u00f3n que habla acerca de la fecha en la que la Inteligencia Artificial tomara el control de la Tierra. La revoluci\u00f3n de las m\u00e1quinas puede ser un problema, aunque muy lejano, lo que est\u00e1 a la vuelta de la esquina es el [&hellip;]<\/p>\n","protected":false},"author":2476,"featured_media":387,"comment_status":"open","ping_status":"open","sticky":false,"template":"","format":"standard","meta":{"_jetpack_memberships_contains_paid_content":false,"footnotes":""},"categories":[11],"tags":[],"class_list":["post-47627","post","type-post","status-publish","format-standard","has-post-thumbnail","hentry","category-opinion"],"jetpack_featured_media_url":"https:\/\/encuentroinformativo.com.mx\/wp-content\/uploads\/2020\/03\/7CF8A22B-2764-47BE-8F7F-38FE9E5D6A2F.jpeg","jetpack_sharing_enabled":true,"jetpack_likes_enabled":true,"amp_enabled":true,"_links":{"self":[{"href":"https:\/\/encuentroinformativo.com.mx\/index.php?rest_route=\/wp\/v2\/posts\/47627","targetHints":{"allow":["GET"]}}],"collection":[{"href":"https:\/\/encuentroinformativo.com.mx\/index.php?rest_route=\/wp\/v2\/posts"}],"about":[{"href":"https:\/\/encuentroinformativo.com.mx\/index.php?rest_route=\/wp\/v2\/types\/post"}],"author":[{"embeddable":true,"href":"https:\/\/encuentroinformativo.com.mx\/index.php?rest_route=\/wp\/v2\/users\/2476"}],"replies":[{"embeddable":true,"href":"https:\/\/encuentroinformativo.com.mx\/index.php?rest_route=%2Fwp%2Fv2%2Fcomments&post=47627"}],"version-history":[{"count":1,"href":"https:\/\/encuentroinformativo.com.mx\/index.php?rest_route=\/wp\/v2\/posts\/47627\/revisions"}],"predecessor-version":[{"id":47628,"href":"https:\/\/encuentroinformativo.com.mx\/index.php?rest_route=\/wp\/v2\/posts\/47627\/revisions\/47628"}],"wp:featuredmedia":[{"embeddable":true,"href":"https:\/\/encuentroinformativo.com.mx\/index.php?rest_route=\/wp\/v2\/media\/387"}],"wp:attachment":[{"href":"https:\/\/encuentroinformativo.com.mx\/index.php?rest_route=%2Fwp%2Fv2%2Fmedia&parent=47627"}],"wp:term":[{"taxonomy":"category","embeddable":true,"href":"https:\/\/encuentroinformativo.com.mx\/index.php?rest_route=%2Fwp%2Fv2%2Fcategories&post=47627"},{"taxonomy":"post_tag","embeddable":true,"href":"https:\/\/encuentroinformativo.com.mx\/index.php?rest_route=%2Fwp%2Fv2%2Ftags&post=47627"}],"curies":[{"name":"wp","href":"https:\/\/api.w.org\/{rel}","templated":true}]}}