{"id":4763,"date":"2020-08-09T16:18:51","date_gmt":"2020-08-09T21:18:51","guid":{"rendered":"https:\/\/encuentroinformativo.com\/?p=4763"},"modified":"2020-08-09T16:19:22","modified_gmt":"2020-08-09T21:19:22","slug":"registran-6-defunciones-por-covid-en-coatepec","status":"publish","type":"post","link":"https:\/\/encuentroinformativo.com.mx\/?p=4763","title":{"rendered":"Registran 6 defunciones por Covid en Coatepec"},"content":{"rendered":"\n<p><strong>Juan Arcos <\/strong><\/p>\n\n\n\n<p>Coatepec, Ver.- En la \u00faltima semana, se reportaron 21 contagios y seis defunciones por SARS-COV-2 (COVID-19) en el municipio de Coatepec.<\/p>\n\n\n\n<p>El pasado 2 de agosto, la Secretar\u00eda de Salud de Veracruz (SS) contabiliz\u00f3 132 casos positivos, ocho activos, 24 fallecimientos y 30 en investigaci\u00f3n.<\/p>\n\n\n\n<p>Sin embargo, la cifra se elev\u00f3 a 153 confirmados, 15 activos, 30 defunciones y 28 casos sospechosos, hasta la noche del s\u00e1bado.<\/p>\n\n\n\n<p>Las medidas sanitarias aplicadas por el ayuntamiento no han logrado frenar la transmisi\u00f3n del virus.<\/p>\n\n\n\n<p>El parque \u201cMiguel Hidalgo y Costilla\u201d permanece cerrado desde el pasado 30 de marzo. Los comerciantes fueron desalojados por polic\u00edas municipales, quienes acordonaron la zona para restringir el acceso.<\/p>\n\n\n\n<p>Algunas puertas del mercado \u201cMiguel Rebolledo\u201d permanecen cerradas al p\u00fablico para evitar aglomeraciones.<\/p>\n\n\n\n<p>Sin embargo, se contin\u00faa observando a personas que hacen sus compras sin usar cubrebocas o protecci\u00f3n f\u00e1cil.<\/p>\n\n\n\n<p>Adem\u00e1s, se contin\u00faan realizando trabajos para la desinfecci\u00f3n de lugares p\u00fablicos, sobre todo en el mercado mencionado y algunas calles del Pueblo M\u00e1gico, ubicado a diez kil\u00f3metros de Xalapa.<\/p>\n\n\n\n<p>En congregaciones y colonias alejadas del Centro Hist\u00f3rico siguen sin creer en el virus y, por ende, no acatan ninguna medida sanitaria.<\/p>\n\n\n\n<p>Cabe destacar que hasta el momento se contabilizan 23 mil 491 casos positivos en 199 municipios de Veracruz y 3 mil 74 fallecimientos por COVID-19 en 152 demarcaciones.<\/p>\n\n\n\n<p><\/p>\n","protected":false},"excerpt":{"rendered":"<p>Juan Arcos Coatepec, Ver.- En la \u00faltima semana, se reportaron 21 contagios y seis defunciones por SARS-COV-2 (COVID-19) en el municipio de Coatepec. El pasado 2 de agosto, la Secretar\u00eda de Salud de Veracruz (SS) contabiliz\u00f3 132 casos positivos, ocho activos, 24 fallecimientos y 30 en investigaci\u00f3n. Sin embargo, la cifra se elev\u00f3 a 153 [&hellip;]<\/p>\n","protected":false},"author":1,"featured_media":4764,"comment_status":"open","ping_status":"open","sticky":false,"template":"","format":"standard","meta":{"_jetpack_memberships_contains_paid_content":false,"footnotes":""},"categories":[8],"tags":[],"class_list":["post-4763","post","type-post","status-publish","format-standard","has-post-thumbnail","hentry","category-region"],"jetpack_featured_media_url":"https:\/\/encuentroinformativo.com.mx\/wp-content\/uploads\/2020\/08\/0BD5D014-4BEE-4038-92DC-B8094317D667.jpeg","jetpack_sharing_enabled":true,"jetpack_likes_enabled":true,"amp_enabled":true,"_links":{"self":[{"href":"https:\/\/encuentroinformativo.com.mx\/index.php?rest_route=\/wp\/v2\/posts\/4763","targetHints":{"allow":["GET"]}}],"collection":[{"href":"https:\/\/encuentroinformativo.com.mx\/index.php?rest_route=\/wp\/v2\/posts"}],"about":[{"href":"https:\/\/encuentroinformativo.com.mx\/index.php?rest_route=\/wp\/v2\/types\/post"}],"author":[{"embeddable":true,"href":"https:\/\/encuentroinformativo.com.mx\/index.php?rest_route=\/wp\/v2\/users\/1"}],"replies":[{"embeddable":true,"href":"https:\/\/encuentroinformativo.com.mx\/index.php?rest_route=%2Fwp%2Fv2%2Fcomments&post=4763"}],"version-history":[{"count":1,"href":"https:\/\/encuentroinformativo.com.mx\/index.php?rest_route=\/wp\/v2\/posts\/4763\/revisions"}],"predecessor-version":[{"id":4765,"href":"https:\/\/encuentroinformativo.com.mx\/index.php?rest_route=\/wp\/v2\/posts\/4763\/revisions\/4765"}],"wp:featuredmedia":[{"embeddable":true,"href":"https:\/\/encuentroinformativo.com.mx\/index.php?rest_route=\/wp\/v2\/media\/4764"}],"wp:attachment":[{"href":"https:\/\/encuentroinformativo.com.mx\/index.php?rest_route=%2Fwp%2Fv2%2Fmedia&parent=4763"}],"wp:term":[{"taxonomy":"category","embeddable":true,"href":"https:\/\/encuentroinformativo.com.mx\/index.php?rest_route=%2Fwp%2Fv2%2Fcategories&post=4763"},{"taxonomy":"post_tag","embeddable":true,"href":"https:\/\/encuentroinformativo.com.mx\/index.php?rest_route=%2Fwp%2Fv2%2Ftags&post=4763"}],"curies":[{"name":"wp","href":"https:\/\/api.w.org\/{rel}","templated":true}]}}