{"id":47631,"date":"2023-11-17T10:45:21","date_gmt":"2023-11-17T16:45:21","guid":{"rendered":"https:\/\/encuentroinformativo.com.mx\/?p=47631"},"modified":"2023-11-17T10:45:23","modified_gmt":"2023-11-17T16:45:23","slug":"estoy-preparado-para-hacer-que-veracruz-tenga-mas-inversion-y-empleo-pepe-yunes","status":"publish","type":"post","link":"https:\/\/encuentroinformativo.com.mx\/?p=47631","title":{"rendered":"Estoy preparado para hacer que Veracruz tenga m\u00e1s inversi\u00f3n y empleo: Pepe Yunes"},"content":{"rendered":"\n<p><strong>Alejandro \u00c1vila<\/strong><\/p>\n\n\n\n<p>C\u00f3rdoba, Ver.- El aspirante a la gubernatura de Veracruz, Jos\u00e9 Yunes Zorrilla, dijo estar preparado para atraer m\u00e1s inversi\u00f3n a la entidad veracruzana y por ende m\u00e1s empleos para los ciudadanos.<\/p>\n\n\n\n<p>Previo a su conferencia con empresarios cordobeses adheridos a la Coparmex para hablar del &#8220;Nearshoring&#8221; (relocalizaci\u00f3n), el diputado federal reconoci\u00f3 que, al momento, Veracruz no cuenta con las condiciones de infraestructura adecuadas as\u00ed como un entorno amigable para que el empresario invierta en la entidad; sin embargo, dijo que a diferencia de la actual administraci\u00f3n estatal, el s\u00ed est\u00e1 preparado para generar las condiciones que potencialicen de forma industrial a Veracruz, tal como sucede ahora en el Baj\u00edo y el Norte del pa\u00eds.<\/p>\n\n\n\n<p>&#8220;Lo que es una realidad es que, s\u00ed nos hemos preparado para hacer de Veracruz un mejor lugar donde vivir, en donde los veracruzanos en base a su trabajo tenga mejores condiciones de vida (\u2026) yo creo que un gobierno que tenga reflejos sobre el momento que se est\u00e1 viviendo, que no se deje pasar la oportunidad, quiz\u00e1s ser\u00eda uno de los costos hist\u00f3rico imperdonables, el no aprovechar este fen\u00f3meno de relocalizaci\u00f3n por qu\u00e9 no se generaron las condiciones de seguridad, porque la inversi\u00f3n no propici\u00f3 condiciones de competitividad en el estado, y que se deje pasar un destino que tiene todo como Veracruz, para que pueda hacer un enclave de desarrollo como en el Baj\u00edo y el Norte del pa\u00eds&#8221;, asest\u00f3.<\/p>\n\n\n\n<p>Pepe Yunes dijo que las inversiones que se est\u00e1n dando en el pa\u00eds es muy a pesar del gobierno federal y estatal.<\/p>\n\n\n\n<p>&#8220;Es la condici\u00f3n de salarios en el pa\u00eds y la condici\u00f3n geogr\u00e1fica del pa\u00eds, lo que est\u00e1 haciendo que a pesar de un entorno adverso para los inversionistas est\u00e9n llegando inversiones&#8221;, subray\u00f3.<\/p>\n\n\n\n<p>Finalmente, el aspirante a la gubernatura de Veracruz para encabezar el Frente Amplio Por M\u00e9xico, aclar\u00f3 que la designaci\u00f3n ser\u00e1 en consenso con la sociedad civil y los tres partidos que integran la alianza.<\/p>\n","protected":false},"excerpt":{"rendered":"<p>Alejandro \u00c1vila C\u00f3rdoba, Ver.- El aspirante a la gubernatura de Veracruz, Jos\u00e9 Yunes Zorrilla, dijo estar preparado para atraer m\u00e1s inversi\u00f3n a la entidad veracruzana y por ende m\u00e1s empleos para los ciudadanos. Previo a su conferencia con empresarios cordobeses adheridos a la Coparmex para hablar del &#8220;Nearshoring&#8221; (relocalizaci\u00f3n), el diputado federal reconoci\u00f3 que, al [&hellip;]<\/p>\n","protected":false},"author":2476,"featured_media":47632,"comment_status":"open","ping_status":"open","sticky":false,"template":"","format":"standard","meta":{"_jetpack_memberships_contains_paid_content":false,"footnotes":""},"categories":[2],"tags":[],"class_list":["post-47631","post","type-post","status-publish","format-standard","has-post-thumbnail","hentry","category-estado"],"jetpack_featured_media_url":"https:\/\/encuentroinformativo.com.mx\/wp-content\/uploads\/2023\/11\/IMG-20231117-WA00152.jpg","jetpack_sharing_enabled":true,"jetpack_likes_enabled":true,"amp_enabled":true,"_links":{"self":[{"href":"https:\/\/encuentroinformativo.com.mx\/index.php?rest_route=\/wp\/v2\/posts\/47631","targetHints":{"allow":["GET"]}}],"collection":[{"href":"https:\/\/encuentroinformativo.com.mx\/index.php?rest_route=\/wp\/v2\/posts"}],"about":[{"href":"https:\/\/encuentroinformativo.com.mx\/index.php?rest_route=\/wp\/v2\/types\/post"}],"author":[{"embeddable":true,"href":"https:\/\/encuentroinformativo.com.mx\/index.php?rest_route=\/wp\/v2\/users\/2476"}],"replies":[{"embeddable":true,"href":"https:\/\/encuentroinformativo.com.mx\/index.php?rest_route=%2Fwp%2Fv2%2Fcomments&post=47631"}],"version-history":[{"count":1,"href":"https:\/\/encuentroinformativo.com.mx\/index.php?rest_route=\/wp\/v2\/posts\/47631\/revisions"}],"predecessor-version":[{"id":47633,"href":"https:\/\/encuentroinformativo.com.mx\/index.php?rest_route=\/wp\/v2\/posts\/47631\/revisions\/47633"}],"wp:featuredmedia":[{"embeddable":true,"href":"https:\/\/encuentroinformativo.com.mx\/index.php?rest_route=\/wp\/v2\/media\/47632"}],"wp:attachment":[{"href":"https:\/\/encuentroinformativo.com.mx\/index.php?rest_route=%2Fwp%2Fv2%2Fmedia&parent=47631"}],"wp:term":[{"taxonomy":"category","embeddable":true,"href":"https:\/\/encuentroinformativo.com.mx\/index.php?rest_route=%2Fwp%2Fv2%2Fcategories&post=47631"},{"taxonomy":"post_tag","embeddable":true,"href":"https:\/\/encuentroinformativo.com.mx\/index.php?rest_route=%2Fwp%2Fv2%2Ftags&post=47631"}],"curies":[{"name":"wp","href":"https:\/\/api.w.org\/{rel}","templated":true}]}}