{"id":47638,"date":"2023-11-17T12:12:07","date_gmt":"2023-11-17T18:12:07","guid":{"rendered":"https:\/\/encuentroinformativo.com.mx\/?p=47638"},"modified":"2023-11-17T12:12:07","modified_gmt":"2023-11-17T18:12:07","slug":"pide-profeco-guardar-recibos-de-compra-en-el-buen-fin-ante-posibles-reclamos","status":"publish","type":"post","link":"https:\/\/encuentroinformativo.com.mx\/?p=47638","title":{"rendered":"Pide PROFECO guardar recibos de compra en El Buen Fin ante posibles reclamos"},"content":{"rendered":"\n<p><strong>Alejandro \u00c1vila<\/strong><\/p>\n\n\n\n<p>Veracruz, Ver.- El delegado de la zona Veracruz de Profeco, Marcos Castillo L\u00f3pez, pidi\u00f3 a los ciudadanos guardar los recibos de compra durante El Buen Fin, para posterior a este realizar la investigaci\u00f3n en caso de alguna queja con alguna empresa o comercio.<\/p>\n\n\n\n<p>De la misma manera, recomend\u00f3 a la ciudadan\u00eda prever cuanto pueden gastar durante este fin de semana, y no dejarse llevar por las promociones de los establecimientos comerciales, pues en muchas ocasiones superan sus ingresos y se endeudan por largo tiempo.<\/p>\n\n\n\n<p>&#8220;La recomendaci\u00f3n a los consumidores, primero, que guarden sus comprobantes, tickets, facturas y todo eso, para que si en un futuro hay una situaci\u00f3n nosotros podamos actuar. Lo de siempre, hay que planear nuestras compras, hay que informarnos, hay que hacer un presupuesto, es muy importante saber cuanto es lo que realmente podemos gastar para no dejarnos llevar por la emoci\u00f3n de las ofertas&#8221;, mencion\u00f3.<\/p>\n\n\n\n<p>Adem\u00e1s, inform\u00f3 que desde este viernes 17 y hasta el lunes 20 de noviembre, habr\u00e1 dos m\u00f3dulos informativos de Profeco, uno ubicado en Plaza las Am\u00e9ricas y otro ubicado en Plaza Mocambo; incluso, dijo que un grupo de inspectores recorrer\u00e1 las zonas comerciales m\u00e1s importantes de los municipios de Veracruz y Boca del R\u00edo, y aunque estos no tienen la autoridad para sancionar, si apercibir\u00e1n a los due\u00f1os o encargados en caso de una presunta anomal\u00eda.<\/p>\n\n\n\n<p>Estos m\u00f3dulos estar\u00e1n disponibles para la ciudadan\u00eda del 9 de la ma\u00f1ana a 9 de la noche, y para quejas y atenciones por alguna anomal\u00eda sufrida durante El Buen Fin, la atenci\u00f3n ser\u00e1 a partir del martes 21 de noviembre en las oficinas ubicadas en la avenida Salvador D\u00edaz Mir\u00f3n.<\/p>\n","protected":false},"excerpt":{"rendered":"<p>Alejandro \u00c1vila Veracruz, Ver.- El delegado de la zona Veracruz de Profeco, Marcos Castillo L\u00f3pez, pidi\u00f3 a los ciudadanos guardar los recibos de compra durante El Buen Fin, para posterior a este realizar la investigaci\u00f3n en caso de alguna queja con alguna empresa o comercio. De la misma manera, recomend\u00f3 a la ciudadan\u00eda prever cuanto [&hellip;]<\/p>\n","protected":false},"author":2476,"featured_media":47639,"comment_status":"open","ping_status":"open","sticky":false,"template":"","format":"standard","meta":{"_jetpack_memberships_contains_paid_content":false,"footnotes":""},"categories":[2],"tags":[],"class_list":["post-47638","post","type-post","status-publish","format-standard","has-post-thumbnail","hentry","category-estado"],"jetpack_featured_media_url":"https:\/\/encuentroinformativo.com.mx\/wp-content\/uploads\/2023\/11\/IMG-20231117-WA0025.jpg","jetpack_sharing_enabled":true,"jetpack_likes_enabled":true,"amp_enabled":true,"_links":{"self":[{"href":"https:\/\/encuentroinformativo.com.mx\/index.php?rest_route=\/wp\/v2\/posts\/47638","targetHints":{"allow":["GET"]}}],"collection":[{"href":"https:\/\/encuentroinformativo.com.mx\/index.php?rest_route=\/wp\/v2\/posts"}],"about":[{"href":"https:\/\/encuentroinformativo.com.mx\/index.php?rest_route=\/wp\/v2\/types\/post"}],"author":[{"embeddable":true,"href":"https:\/\/encuentroinformativo.com.mx\/index.php?rest_route=\/wp\/v2\/users\/2476"}],"replies":[{"embeddable":true,"href":"https:\/\/encuentroinformativo.com.mx\/index.php?rest_route=%2Fwp%2Fv2%2Fcomments&post=47638"}],"version-history":[{"count":1,"href":"https:\/\/encuentroinformativo.com.mx\/index.php?rest_route=\/wp\/v2\/posts\/47638\/revisions"}],"predecessor-version":[{"id":47640,"href":"https:\/\/encuentroinformativo.com.mx\/index.php?rest_route=\/wp\/v2\/posts\/47638\/revisions\/47640"}],"wp:featuredmedia":[{"embeddable":true,"href":"https:\/\/encuentroinformativo.com.mx\/index.php?rest_route=\/wp\/v2\/media\/47639"}],"wp:attachment":[{"href":"https:\/\/encuentroinformativo.com.mx\/index.php?rest_route=%2Fwp%2Fv2%2Fmedia&parent=47638"}],"wp:term":[{"taxonomy":"category","embeddable":true,"href":"https:\/\/encuentroinformativo.com.mx\/index.php?rest_route=%2Fwp%2Fv2%2Fcategories&post=47638"},{"taxonomy":"post_tag","embeddable":true,"href":"https:\/\/encuentroinformativo.com.mx\/index.php?rest_route=%2Fwp%2Fv2%2Ftags&post=47638"}],"curies":[{"name":"wp","href":"https:\/\/api.w.org\/{rel}","templated":true}]}}