{"id":47641,"date":"2023-11-17T12:15:30","date_gmt":"2023-11-17T18:15:30","guid":{"rendered":"https:\/\/encuentroinformativo.com.mx\/?p=47641"},"modified":"2023-11-17T12:15:32","modified_gmt":"2023-11-17T18:15:32","slug":"blinda-policia-naval-veracruz-y-boca-del-rio-por-el-buen-fin","status":"publish","type":"post","link":"https:\/\/encuentroinformativo.com.mx\/?p=47641","title":{"rendered":"Blinda Polic\u00eda Naval Veracruz y Boca del R\u00edo por El Buen Fin"},"content":{"rendered":"\n<p><strong>Alejandro \u00c1vila<\/strong><\/p>\n\n\n\n<p>Veracruz, Ver.- Aunque por cuestiones de seguridad no se dio el n\u00famero exacto de elementos que trabajar\u00e1n durante El Buen Fin, la alcaldesa de Veracruz, Patricia Lobeira Rodr\u00edguez, asegur\u00f3 que la Polic\u00eda Naval y Polic\u00eda Estatal blindar\u00e1n la zona conurbada Veracruz &#8211; Boca del R\u00edo durante estos 4 d\u00edas.<\/p>\n\n\n\n<p>La edil panista dijo que ya se tienen coordinados los recorridos que se har\u00e1n en las diversas zonas comerciales donde 12 mil empresas participar\u00e1n durante 4 d\u00edas en la campa\u00f1a El Buen Fin; se estima que Veracruz tenga una grande rama econ\u00f3mica.<\/p>\n\n\n\n<p>&#8220;Por temas de seguridad no decimos el n\u00famero de elementos, pero s\u00ed va a haber un buen n\u00famero de resguardando, porque como mencionaba nos estamos coordinando con todas las fuerzas del orden, tanto estatales como federales, pero tambi\u00e9n quiero hablar de la derrama econ\u00f3mica, vamos a tener una derrama econ\u00f3mica para la zona conurbada muy importante, esperamos m\u00e1s de mil millones de pesos, a nivel nacional se esperan 141 mil millones de pesos, son n\u00fameros importantes sobre todo para la zona conurbada, con 12 mil comercios establecidos participando en este Buen Fin&#8221;, detall\u00f3.<\/p>\n\n\n\n<p>En otro tema, la alcaldesa, Paty Lobeira, dijo que durante las \u00faltimas semanas se han estado aperturando nuevos comercios en el Centro Hist\u00f3rico, tanto restaurantes como tiendas departamentales, y espera que a partir de la remodelaci\u00f3n del primer cuadro de la ciudad, misma que iniciar\u00e1 en este mes de noviembre, vaya incrementando el inter\u00e9s de las empresas por colocarse nuevamente en el Centro Hist\u00f3rico de Veracruz.<\/p>\n","protected":false},"excerpt":{"rendered":"<p>Alejandro \u00c1vila Veracruz, Ver.- Aunque por cuestiones de seguridad no se dio el n\u00famero exacto de elementos que trabajar\u00e1n durante El Buen Fin, la alcaldesa de Veracruz, Patricia Lobeira Rodr\u00edguez, asegur\u00f3 que la Polic\u00eda Naval y Polic\u00eda Estatal blindar\u00e1n la zona conurbada Veracruz &#8211; Boca del R\u00edo durante estos 4 d\u00edas. La edil panista dijo [&hellip;]<\/p>\n","protected":false},"author":2476,"featured_media":47642,"comment_status":"open","ping_status":"open","sticky":false,"template":"","format":"standard","meta":{"_jetpack_memberships_contains_paid_content":false,"footnotes":""},"categories":[2],"tags":[],"class_list":["post-47641","post","type-post","status-publish","format-standard","has-post-thumbnail","hentry","category-estado"],"jetpack_featured_media_url":"https:\/\/encuentroinformativo.com.mx\/wp-content\/uploads\/2023\/11\/IMG-20231117-WA0035.jpg","jetpack_sharing_enabled":true,"jetpack_likes_enabled":true,"amp_enabled":true,"_links":{"self":[{"href":"https:\/\/encuentroinformativo.com.mx\/index.php?rest_route=\/wp\/v2\/posts\/47641","targetHints":{"allow":["GET"]}}],"collection":[{"href":"https:\/\/encuentroinformativo.com.mx\/index.php?rest_route=\/wp\/v2\/posts"}],"about":[{"href":"https:\/\/encuentroinformativo.com.mx\/index.php?rest_route=\/wp\/v2\/types\/post"}],"author":[{"embeddable":true,"href":"https:\/\/encuentroinformativo.com.mx\/index.php?rest_route=\/wp\/v2\/users\/2476"}],"replies":[{"embeddable":true,"href":"https:\/\/encuentroinformativo.com.mx\/index.php?rest_route=%2Fwp%2Fv2%2Fcomments&post=47641"}],"version-history":[{"count":1,"href":"https:\/\/encuentroinformativo.com.mx\/index.php?rest_route=\/wp\/v2\/posts\/47641\/revisions"}],"predecessor-version":[{"id":47643,"href":"https:\/\/encuentroinformativo.com.mx\/index.php?rest_route=\/wp\/v2\/posts\/47641\/revisions\/47643"}],"wp:featuredmedia":[{"embeddable":true,"href":"https:\/\/encuentroinformativo.com.mx\/index.php?rest_route=\/wp\/v2\/media\/47642"}],"wp:attachment":[{"href":"https:\/\/encuentroinformativo.com.mx\/index.php?rest_route=%2Fwp%2Fv2%2Fmedia&parent=47641"}],"wp:term":[{"taxonomy":"category","embeddable":true,"href":"https:\/\/encuentroinformativo.com.mx\/index.php?rest_route=%2Fwp%2Fv2%2Fcategories&post=47641"},{"taxonomy":"post_tag","embeddable":true,"href":"https:\/\/encuentroinformativo.com.mx\/index.php?rest_route=%2Fwp%2Fv2%2Ftags&post=47641"}],"curies":[{"name":"wp","href":"https:\/\/api.w.org\/{rel}","templated":true}]}}