{"id":47644,"date":"2023-11-17T12:22:33","date_gmt":"2023-11-17T18:22:33","guid":{"rendered":"https:\/\/encuentroinformativo.com.mx\/?p=47644"},"modified":"2023-11-17T12:22:34","modified_gmt":"2023-11-17T18:22:34","slug":"necesario-integrar-a-la-sociedad-civil-anilu-ingram","status":"publish","type":"post","link":"https:\/\/encuentroinformativo.com.mx\/?p=47644","title":{"rendered":"Necesario integrar a la sociedad civil: Anil\u00fa Ingram"},"content":{"rendered":"\n<p><strong>Alejandro \u00c1vila<\/strong><\/p>\n\n\n\n<p>Veracruz, Ver.- Tras la reuni\u00f3n convocada por el presidente nacional del PRI, Alejandro Moreno C\u00e1rdenas, en el Comit\u00e9 Ejecutivo Nacional, la diputada local, Anil\u00fa Ingram Vallines, expres\u00f3 sus inquietudes respecto al proceso de elecci\u00f3n del coordinador o coordinadora del Frente Amplio por M\u00e9xico en Veracruz.<\/p>\n\n\n\n<p>La Coordinadora del Grupo Legislativo del PRI en el Congreso Local destac\u00f3 su preocupaci\u00f3n por la falta de integraci\u00f3n de la sociedad civil organizada en el proceso, se\u00f1alando que el m\u00e9todo parece ser estrictamente partidista. A la par, hizo p\u00fablica su inquietud por decisiones unilaterales que involucran herramientas demosc\u00f3picas, sin consenso, y lament\u00f3 la r\u00e1pida toma de decisiones, programada para aproximadamente una semana.<\/p>\n\n\n\n<p>Asimismo, la diputada propuso un mecanismo de foros para incluir a la sociedad civil, propuesta que fue desechada. Lament\u00f3 la falta de certidumbre en un proceso que, a su parecer, no involucra adecuadamente a la sociedad civil.&nbsp;<\/p>\n\n\n\n<p>Si bien Ingram Vallines subray\u00f3 su respeto por las aspiraciones leg\u00edtimas de todos los involucrados, manifest\u00f3 su preocupaci\u00f3n por la inclusi\u00f3n de otras personas en este momento, percibi\u00e9ndolo como un intento de legitimar un proceso que genera incertidumbre.<\/p>\n\n\n\n<p>La diputada Anil\u00fa Ingram dijo estar\u00e1 atenta a cada paso en los pr\u00f3ximos d\u00edas y mantendr\u00e1 informada a la opini\u00f3n p\u00fablica.<\/p>\n","protected":false},"excerpt":{"rendered":"<p>Alejandro \u00c1vila Veracruz, Ver.- Tras la reuni\u00f3n convocada por el presidente nacional del PRI, Alejandro Moreno C\u00e1rdenas, en el Comit\u00e9 Ejecutivo Nacional, la diputada local, Anil\u00fa Ingram Vallines, expres\u00f3 sus inquietudes respecto al proceso de elecci\u00f3n del coordinador o coordinadora del Frente Amplio por M\u00e9xico en Veracruz. La Coordinadora del Grupo Legislativo del PRI en [&hellip;]<\/p>\n","protected":false},"author":2476,"featured_media":47645,"comment_status":"open","ping_status":"open","sticky":false,"template":"","format":"standard","meta":{"_jetpack_memberships_contains_paid_content":false,"footnotes":""},"categories":[2],"tags":[],"class_list":["post-47644","post","type-post","status-publish","format-standard","has-post-thumbnail","hentry","category-estado"],"jetpack_featured_media_url":"https:\/\/encuentroinformativo.com.mx\/wp-content\/uploads\/2023\/11\/IMG-20231117-WA0030.jpg","jetpack_sharing_enabled":true,"jetpack_likes_enabled":true,"amp_enabled":true,"_links":{"self":[{"href":"https:\/\/encuentroinformativo.com.mx\/index.php?rest_route=\/wp\/v2\/posts\/47644","targetHints":{"allow":["GET"]}}],"collection":[{"href":"https:\/\/encuentroinformativo.com.mx\/index.php?rest_route=\/wp\/v2\/posts"}],"about":[{"href":"https:\/\/encuentroinformativo.com.mx\/index.php?rest_route=\/wp\/v2\/types\/post"}],"author":[{"embeddable":true,"href":"https:\/\/encuentroinformativo.com.mx\/index.php?rest_route=\/wp\/v2\/users\/2476"}],"replies":[{"embeddable":true,"href":"https:\/\/encuentroinformativo.com.mx\/index.php?rest_route=%2Fwp%2Fv2%2Fcomments&post=47644"}],"version-history":[{"count":1,"href":"https:\/\/encuentroinformativo.com.mx\/index.php?rest_route=\/wp\/v2\/posts\/47644\/revisions"}],"predecessor-version":[{"id":47646,"href":"https:\/\/encuentroinformativo.com.mx\/index.php?rest_route=\/wp\/v2\/posts\/47644\/revisions\/47646"}],"wp:featuredmedia":[{"embeddable":true,"href":"https:\/\/encuentroinformativo.com.mx\/index.php?rest_route=\/wp\/v2\/media\/47645"}],"wp:attachment":[{"href":"https:\/\/encuentroinformativo.com.mx\/index.php?rest_route=%2Fwp%2Fv2%2Fmedia&parent=47644"}],"wp:term":[{"taxonomy":"category","embeddable":true,"href":"https:\/\/encuentroinformativo.com.mx\/index.php?rest_route=%2Fwp%2Fv2%2Fcategories&post=47644"},{"taxonomy":"post_tag","embeddable":true,"href":"https:\/\/encuentroinformativo.com.mx\/index.php?rest_route=%2Fwp%2Fv2%2Ftags&post=47644"}],"curies":[{"name":"wp","href":"https:\/\/api.w.org\/{rel}","templated":true}]}}