{"id":47647,"date":"2023-11-17T12:28:24","date_gmt":"2023-11-17T18:28:24","guid":{"rendered":"https:\/\/encuentroinformativo.com.mx\/?p=47647"},"modified":"2023-11-17T12:28:25","modified_gmt":"2023-11-17T18:28:25","slug":"padres-reclaman-docente-en-tlacolulan-protestan-en-la-sev","status":"publish","type":"post","link":"https:\/\/encuentroinformativo.com.mx\/?p=47647","title":{"rendered":"Padres reclaman docente en Tlacolulan, protestan en la SEV"},"content":{"rendered":"\n<p><strong>Juan Arcos <\/strong><\/p>\n\n\n\n<p>Xalapa, Ver.- Madres y padres de familia de la primaria \u201cEnrique C. R\u00e9bsamen\u201d protestaron y tomaron durante media hora las oficinas centrales de la Secretar\u00eda de Educaci\u00f3n de Veracruz (SEV) para exigir la recontrataci\u00f3n de un docente interino para el cuarto grado.<\/p>\n\n\n\n<p>La escuela se localiza en la localidad Huichila, municipio de Tlacolulan, en la regi\u00f3n capital del estado de Veracruz, donde piden la recontrataci\u00f3n del profesor Zuriel Castillo Rodr\u00edguez.<\/p>\n\n\n\n<p>La ma\u00f1ana de este viernes, los quejosos impidieron los accesos a la dependencia estatal, ubicada sobre la carretera federal Xalapa-Veracruz, pero fueron atendidos por autoridades educativas y despu\u00e9s de las 8:00 horas liberaron el edificio.<\/p>\n\n\n\n<p>Mencionaron que el contrato del catedr\u00e1tico inici\u00f3 el 15 de septiembre y venci\u00f3 el pasado 15 de noviembre, ocupando la plaza de la profesora Mar\u00eda Antonia Moreno V\u00e1zquez.<\/p>\n\n\n\n<p>Sin embargo, al t\u00e9rmino del contrato, los 33 alumnos del cuarto grado se quedaron sin profesor y sin clases, lo que impide su desarrollo econ\u00f3mico.<\/p>\n\n\n\n<p>Las mam\u00e1s y pap\u00e1s dijeron que el docente mencionado cuenta con la disponibilidad de seguir en el plantel para atender a los estudiantes frente a grupo.<\/p>\n\n\n\n<p>Tras la manifestaci\u00f3n no se vieron afectadas las actividades de la Secretar\u00eda de Educaci\u00f3n de Veracruz.<\/p>\n\n\n\n<p>Los padres de familia dijeron confiar en que sus hijos no perder\u00e1n m\u00e1s clases por la falta de un docente en la escuela primaria \u201cEnrique C. R\u00e9bsamen\u201d de Tlacolulan.<\/p>\n","protected":false},"excerpt":{"rendered":"<p>Juan Arcos Xalapa, Ver.- Madres y padres de familia de la primaria \u201cEnrique C. R\u00e9bsamen\u201d protestaron y tomaron durante media hora las oficinas centrales de la Secretar\u00eda de Educaci\u00f3n de Veracruz (SEV) para exigir la recontrataci\u00f3n de un docente interino para el cuarto grado. La escuela se localiza en la localidad Huichila, municipio de Tlacolulan, [&hellip;]<\/p>\n","protected":false},"author":2476,"featured_media":47648,"comment_status":"open","ping_status":"open","sticky":false,"template":"","format":"standard","meta":{"_jetpack_memberships_contains_paid_content":false,"footnotes":""},"categories":[2],"tags":[],"class_list":["post-47647","post","type-post","status-publish","format-standard","has-post-thumbnail","hentry","category-estado"],"jetpack_featured_media_url":"https:\/\/encuentroinformativo.com.mx\/wp-content\/uploads\/2023\/11\/94826a21-a79f-4e33-9042-7979e03e97cc.jpg","jetpack_sharing_enabled":true,"jetpack_likes_enabled":true,"amp_enabled":true,"_links":{"self":[{"href":"https:\/\/encuentroinformativo.com.mx\/index.php?rest_route=\/wp\/v2\/posts\/47647","targetHints":{"allow":["GET"]}}],"collection":[{"href":"https:\/\/encuentroinformativo.com.mx\/index.php?rest_route=\/wp\/v2\/posts"}],"about":[{"href":"https:\/\/encuentroinformativo.com.mx\/index.php?rest_route=\/wp\/v2\/types\/post"}],"author":[{"embeddable":true,"href":"https:\/\/encuentroinformativo.com.mx\/index.php?rest_route=\/wp\/v2\/users\/2476"}],"replies":[{"embeddable":true,"href":"https:\/\/encuentroinformativo.com.mx\/index.php?rest_route=%2Fwp%2Fv2%2Fcomments&post=47647"}],"version-history":[{"count":1,"href":"https:\/\/encuentroinformativo.com.mx\/index.php?rest_route=\/wp\/v2\/posts\/47647\/revisions"}],"predecessor-version":[{"id":47649,"href":"https:\/\/encuentroinformativo.com.mx\/index.php?rest_route=\/wp\/v2\/posts\/47647\/revisions\/47649"}],"wp:featuredmedia":[{"embeddable":true,"href":"https:\/\/encuentroinformativo.com.mx\/index.php?rest_route=\/wp\/v2\/media\/47648"}],"wp:attachment":[{"href":"https:\/\/encuentroinformativo.com.mx\/index.php?rest_route=%2Fwp%2Fv2%2Fmedia&parent=47647"}],"wp:term":[{"taxonomy":"category","embeddable":true,"href":"https:\/\/encuentroinformativo.com.mx\/index.php?rest_route=%2Fwp%2Fv2%2Fcategories&post=47647"},{"taxonomy":"post_tag","embeddable":true,"href":"https:\/\/encuentroinformativo.com.mx\/index.php?rest_route=%2Fwp%2Fv2%2Ftags&post=47647"}],"curies":[{"name":"wp","href":"https:\/\/api.w.org\/{rel}","templated":true}]}}