{"id":47659,"date":"2023-11-17T13:42:36","date_gmt":"2023-11-17T19:42:36","guid":{"rendered":"https:\/\/encuentroinformativo.com.mx\/?p=47659"},"modified":"2023-11-17T13:42:39","modified_gmt":"2023-11-17T19:42:39","slug":"ceb-ha-cumplido-con-demandas-de-colectivos-afirma-brenda-ceron","status":"publish","type":"post","link":"https:\/\/encuentroinformativo.com.mx\/?p=47659","title":{"rendered":"CEB ha cumplido con demandas de colectivos, afirma Brenda Cer\u00f3n"},"content":{"rendered":"\n<p><strong>Alejandro \u00c1vila<\/strong><\/p>\n\n\n\n<p>Veracruz, Ver.- La Comisi\u00f3n Estatal de B\u00fasqueda ha cumplido con todas las demandas de los familiares que integran los Colectivos de B\u00fasqueda, asegur\u00f3 la encargada de despacho, Brenda Cer\u00f3n Chagoya; aunque reconoci\u00f3 que, el \u00fanico pendiente que tienen con ellos, es el nombramiento de una titular del \u00e1rea.<\/p>\n\n\n\n<p>En ese sentido, destac\u00f3 el trabajo en conjunto con las familias, ya que de esta manera se ha fortalecido la b\u00fasqueda; no obstante, siempre habr\u00e1 la exigencia de m\u00e1s personal para las acciones de localizaci\u00f3n.&nbsp;<\/p>\n\n\n\n<p>\u201cUna solicitud de los colectivos que siempre ha estado en la mesa, es la titularidad (\u2026) es algo que, s\u00ed est\u00e1 pendiente y se tiene que atender, de todo lo dem\u00e1s se ha atendido, tenemos un mecanismo que est\u00e1 funcionando, tenemos una comisi\u00f3n que est\u00e1 estructurada, el personal de la Comisi\u00f3n Estatal de B\u00fasqueda fue la primera en capacitarse a nivel nacional\u201d, dijo.&nbsp;<\/p>\n\n\n\n<p>Se\u00f1al\u00f3 que se tiene un 67 por ciento de localizaci\u00f3n con vida de las personas que son reportadas como desaparecidas que al mes son en promedio de 200.&nbsp;<\/p>\n\n\n\n<p>En entrevista, Cer\u00f3n Chagoya, detall\u00f3 que la Comisi\u00f3n, a pesar de ser de reciente creaci\u00f3n dejar\u00e1 infraestructura, el \u00faltimo proyecto que se entregar\u00e1 a la Fiscal\u00eda General del Estado (FGE) es un Centro de Resguardo en Coatzacoalcos.&nbsp;<\/p>\n\n\n\n<p>\u201cEstamos por terminar un centro de resguardo que ser\u00e1 utilizado para fines de identificaci\u00f3n y que se ir\u00e1 entregando a fiscal\u00eda en el tiempo que sea necesario para que se pueda operar por fiscal\u00eda. Estamos a finales de a\u00f1o va a estar terminado en Coatzacoalcos\u201d.&nbsp;<\/p>\n\n\n\n<p>En cuanto al presupuesto, para este 2023 se asignaron m\u00e1s de 23 millones de pesos y a mediados de a\u00f1os se solicit\u00f3 ampliaci\u00f3n de un mill\u00f3n 600 mil pesos.&nbsp;<\/p>\n\n\n\n<p>En este sentido, indic\u00f3 que no tienen l\u00edmite de recursos porque en caso de que se requiera y se justifique se ha aprobado m\u00e1s presupuesto.&nbsp;<\/p>\n\n\n\n<p>\u201cCuando es necesario generar una ampliaci\u00f3n se ha solicitado y nunca se ha negado yo creo que esta vez no va a ser la excepci\u00f3n, tenemos un presupuesto, pero siempre hemos tenido la apertura del gobernador de dar todo para que esto avance. La cantidad es la que se necesite\u201d, finaliz\u00f3.<\/p>\n","protected":false},"excerpt":{"rendered":"<p>Alejandro \u00c1vila Veracruz, Ver.- La Comisi\u00f3n Estatal de B\u00fasqueda ha cumplido con todas las demandas de los familiares que integran los Colectivos de B\u00fasqueda, asegur\u00f3 la encargada de despacho, Brenda Cer\u00f3n Chagoya; aunque reconoci\u00f3 que, el \u00fanico pendiente que tienen con ellos, es el nombramiento de una titular del \u00e1rea. En ese sentido, destac\u00f3 el [&hellip;]<\/p>\n","protected":false},"author":2476,"featured_media":47660,"comment_status":"open","ping_status":"open","sticky":false,"template":"","format":"standard","meta":{"_jetpack_memberships_contains_paid_content":false,"footnotes":""},"categories":[2],"tags":[],"class_list":["post-47659","post","type-post","status-publish","format-standard","has-post-thumbnail","hentry","category-estado"],"jetpack_featured_media_url":"https:\/\/encuentroinformativo.com.mx\/wp-content\/uploads\/2023\/11\/IMG-20231117-WA0040.jpg","jetpack_sharing_enabled":true,"jetpack_likes_enabled":true,"amp_enabled":true,"_links":{"self":[{"href":"https:\/\/encuentroinformativo.com.mx\/index.php?rest_route=\/wp\/v2\/posts\/47659","targetHints":{"allow":["GET"]}}],"collection":[{"href":"https:\/\/encuentroinformativo.com.mx\/index.php?rest_route=\/wp\/v2\/posts"}],"about":[{"href":"https:\/\/encuentroinformativo.com.mx\/index.php?rest_route=\/wp\/v2\/types\/post"}],"author":[{"embeddable":true,"href":"https:\/\/encuentroinformativo.com.mx\/index.php?rest_route=\/wp\/v2\/users\/2476"}],"replies":[{"embeddable":true,"href":"https:\/\/encuentroinformativo.com.mx\/index.php?rest_route=%2Fwp%2Fv2%2Fcomments&post=47659"}],"version-history":[{"count":1,"href":"https:\/\/encuentroinformativo.com.mx\/index.php?rest_route=\/wp\/v2\/posts\/47659\/revisions"}],"predecessor-version":[{"id":47661,"href":"https:\/\/encuentroinformativo.com.mx\/index.php?rest_route=\/wp\/v2\/posts\/47659\/revisions\/47661"}],"wp:featuredmedia":[{"embeddable":true,"href":"https:\/\/encuentroinformativo.com.mx\/index.php?rest_route=\/wp\/v2\/media\/47660"}],"wp:attachment":[{"href":"https:\/\/encuentroinformativo.com.mx\/index.php?rest_route=%2Fwp%2Fv2%2Fmedia&parent=47659"}],"wp:term":[{"taxonomy":"category","embeddable":true,"href":"https:\/\/encuentroinformativo.com.mx\/index.php?rest_route=%2Fwp%2Fv2%2Fcategories&post=47659"},{"taxonomy":"post_tag","embeddable":true,"href":"https:\/\/encuentroinformativo.com.mx\/index.php?rest_route=%2Fwp%2Fv2%2Ftags&post=47659"}],"curies":[{"name":"wp","href":"https:\/\/api.w.org\/{rel}","templated":true}]}}