{"id":47668,"date":"2023-11-17T18:00:47","date_gmt":"2023-11-18T00:00:47","guid":{"rendered":"https:\/\/encuentroinformativo.com.mx\/?p=47668"},"modified":"2023-11-17T18:00:48","modified_gmt":"2023-11-18T00:00:48","slug":"busca-monica-robles-candidatura-al-senado","status":"publish","type":"post","link":"https:\/\/encuentroinformativo.com.mx\/?p=47668","title":{"rendered":"Busca M\u00f3nica Robles candidatura al Senado"},"content":{"rendered":"\n<p><strong>Juan Arcos <\/strong><\/p>\n\n\n\n<p>Xalapa, Ver.- La exdiputada local M\u00f3nica Robles Barajas cumpli\u00f3 con la entrega del documento para su registro como precandidata del Movimiento de Regeneraci\u00f3n Nacional (Morena) a la segunda f\u00f3rmula para el Senado de la Rep\u00fablica por Veracruz.<\/p>\n\n\n\n<p>A las 13:00 horas de este viernes 16 de noviembre, ella acudi\u00f3 personalmente a la sede del Comit\u00e9 Ejecutivo Estatal de Morena, ubicada en la ciudad de Xalapa, la capital del estado de Veracruz, donde mostr\u00f3 el oficio de su solicitud formal para inscribirse al proceso interno de selecci\u00f3n de la candidatura a la segunda f\u00f3rmula del Senado.<\/p>\n\n\n\n<p>\u201cCreo que es importante hacer este tipo de entregas oficialmente, no es que lo marque la convocatoria pero me parece que hay que tomar en cuenta a nuestra instituci\u00f3n\u201d, expres\u00f3.<\/p>\n\n\n\n<p>En breve entrevista durante su arribo, la exlegisladora morenista dijo confiar en que habr\u00e1 \u201cpiso parejo\u201d en la contienda interna de su partido y pidi\u00f3 a sus compa\u00f1eros, que tienen un cargo y buscar\u00edan participar en la elecci\u00f3n, que renuncien.<\/p>\n\n\n\n<p>Recientemente, el Coordinador del Federalismo en Veracruz, Manuel Huerta Ladr\u00f3n de Guevara, critic\u00f3 a la titular de la Secretar\u00eda del trabajo y Previsi\u00f3n Social del gobierno de Veracruz, Dorenhy Garc\u00eda Cayetano, de negarse a renunciar a este puesto, as\u00ed como a la presidencia del Consejo Pol\u00edtico Estatal de Morena, y, pese a ello, tener intenciones de buscar otro cargo.<\/p>\n\n\n\n<p>\u201cYa Morena y los compa\u00f1eros que participaron en el proceso de las corcholatas dejaron claro que aunque la convocatoria no marca la obligaci\u00f3n de renunciar cuando se tiene alg\u00fan cargo, me parece que es un tema de \u00e9tica y de principios, me parece que lo correcto deber\u00eda ser eso, todos deben renunciar\u201d.<\/p>\n\n\n\n<p>Record\u00f3 que la primera f\u00f3rmula para el Senado ya est\u00e1 definida y la encabeza su compa\u00f1ero Manuel Huerta, mientras que la segunda deber\u00e1 ser para una mujer.<\/p>\n\n\n\n<p>Adem\u00e1s, mencion\u00f3 que desde el Senado podr\u00eda seguir trabajando a favor de las mujeres, para garantizar espacios libres de violencia y mayores oportunidades.<\/p>\n\n\n\n<p>\u201cLo que me motiva a registrarme para buscar la candidatura al senado de mi partido es mi experiencia de 25 a\u00f1os de trabajo desde la sociedad civil, cercana a la gente, buscando escucharles y apoyarles en sus necesidades\u201d.<\/p>\n\n\n\n<p>Cabe recordar que M\u00f3nica Robles fue diputada local en el Congreso de Veracruz en dos ocasiones e impuls\u00f3 la iniciativa para despenalizar el aborto y garantizar la interrupci\u00f3n legal del embarazo hasta las 12 semanas de gestaci\u00f3n.<\/p>\n\n\n\n<p>\u201cTambi\u00e9n fui dos veces diputada y en ambas ocasiones trabajar siempre cercana a la gente. He sido la diputada que m\u00e1s iniciativas present\u00f3 y que logramos se aprobaran, iniciativas que tienen que ver con el derecho, he sido la voz de las mujeres en su derecho a vivir libres de violencia, en su derecho a no ser discriminadas. He sido la voz de los grupos m\u00e1s vulnerables\u201d, enfatiz\u00f3 M\u00f3nica Robles.<\/p>\n\n\n\n<p>La exdiputada estuvo acompa\u00f1ada de feministas, ambientalistas y miembros de la comunidad de la diversidad sexual durante su registro en la sede estatal de Morena.<\/p>\n","protected":false},"excerpt":{"rendered":"<p>Juan Arcos Xalapa, Ver.- La exdiputada local M\u00f3nica Robles Barajas cumpli\u00f3 con la entrega del documento para su registro como precandidata del Movimiento de Regeneraci\u00f3n Nacional (Morena) a la segunda f\u00f3rmula para el Senado de la Rep\u00fablica por Veracruz. A las 13:00 horas de este viernes 16 de noviembre, ella acudi\u00f3 personalmente a la sede [&hellip;]<\/p>\n","protected":false},"author":2476,"featured_media":47669,"comment_status":"open","ping_status":"open","sticky":false,"template":"","format":"standard","meta":{"_jetpack_memberships_contains_paid_content":false,"footnotes":""},"categories":[2],"tags":[],"class_list":["post-47668","post","type-post","status-publish","format-standard","has-post-thumbnail","hentry","category-estado"],"jetpack_featured_media_url":"https:\/\/encuentroinformativo.com.mx\/wp-content\/uploads\/2023\/11\/IMG_12142.jpg","jetpack_sharing_enabled":true,"jetpack_likes_enabled":true,"amp_enabled":true,"_links":{"self":[{"href":"https:\/\/encuentroinformativo.com.mx\/index.php?rest_route=\/wp\/v2\/posts\/47668","targetHints":{"allow":["GET"]}}],"collection":[{"href":"https:\/\/encuentroinformativo.com.mx\/index.php?rest_route=\/wp\/v2\/posts"}],"about":[{"href":"https:\/\/encuentroinformativo.com.mx\/index.php?rest_route=\/wp\/v2\/types\/post"}],"author":[{"embeddable":true,"href":"https:\/\/encuentroinformativo.com.mx\/index.php?rest_route=\/wp\/v2\/users\/2476"}],"replies":[{"embeddable":true,"href":"https:\/\/encuentroinformativo.com.mx\/index.php?rest_route=%2Fwp%2Fv2%2Fcomments&post=47668"}],"version-history":[{"count":1,"href":"https:\/\/encuentroinformativo.com.mx\/index.php?rest_route=\/wp\/v2\/posts\/47668\/revisions"}],"predecessor-version":[{"id":47670,"href":"https:\/\/encuentroinformativo.com.mx\/index.php?rest_route=\/wp\/v2\/posts\/47668\/revisions\/47670"}],"wp:featuredmedia":[{"embeddable":true,"href":"https:\/\/encuentroinformativo.com.mx\/index.php?rest_route=\/wp\/v2\/media\/47669"}],"wp:attachment":[{"href":"https:\/\/encuentroinformativo.com.mx\/index.php?rest_route=%2Fwp%2Fv2%2Fmedia&parent=47668"}],"wp:term":[{"taxonomy":"category","embeddable":true,"href":"https:\/\/encuentroinformativo.com.mx\/index.php?rest_route=%2Fwp%2Fv2%2Fcategories&post=47668"},{"taxonomy":"post_tag","embeddable":true,"href":"https:\/\/encuentroinformativo.com.mx\/index.php?rest_route=%2Fwp%2Fv2%2Ftags&post=47668"}],"curies":[{"name":"wp","href":"https:\/\/api.w.org\/{rel}","templated":true}]}}