{"id":47675,"date":"2023-11-18T12:39:03","date_gmt":"2023-11-18T18:39:03","guid":{"rendered":"https:\/\/encuentroinformativo.com.mx\/?p=47675"},"modified":"2023-11-18T12:39:06","modified_gmt":"2023-11-18T18:39:06","slug":"se-revisaran-perfiles-en-morena-nahle","status":"publish","type":"post","link":"https:\/\/encuentroinformativo.com.mx\/?p=47675","title":{"rendered":"Se revisar\u00e1n perfiles en Morena: Nahle"},"content":{"rendered":"\n<p><strong>Dar\u00edo Pale <\/strong><\/p>\n\n\n\n<p>Xalapa, Ver.- En Morena hay apertura, pero se revisar\u00e1n perfiles y del ex secretario de gobierno Eric Cisneros Burgos no sabe d\u00f3nde anda, pero no tiene ning\u00fan problema con \u00e9l, as\u00ed lo dio a conocer la coordinadora de los Comit\u00e9s de Defensa de la Cuarta Transformaci\u00f3n, Roc\u00edo Nahle.<\/p>\n\n\n\n<p>En entrevista previa al Quinto Informe del Gobernador Cuitl\u00e1huac Garc\u00eda, admiti\u00f3 que muchos, de otros partidos pol\u00edticos como el PRI, buscan candidaturas y si bien hay apertura en Morena para todos, se revisar\u00e1n los perfiles y se consultar\u00e1 al pueblo.<\/p>\n\n\n\n<p>&#8220;En nuestro movimiento se pregunta, se hace encuesta y es una encuesta abierta a todos los veracruzanos, es un muestreo y eso es lo m\u00e1s importante, es la prioridad&#8221;, expres\u00f3 y defini\u00f3 que si alguno aspira por otro partido como el PRI, ah\u00ed s\u00ed depender\u00e1: &#8220;vemos&#8221;, se\u00f1al\u00f3.<\/p>\n\n\n\n<p>En otro orden de ideas dijo que no tiene ning\u00fan problema en trabajar con el exsecretario de Gobierno, Eric Cisneros Burgos, pero hasta el momento no ha hablado con \u00e9l, no sabe en d\u00f3nde est\u00e1, pero no tiene ning\u00fan problema en que se sume a los trabajos de la organizaci\u00f3n de los comit\u00e9s.<\/p>\n\n\n\n<p>&#8220;No lo he visto, no he hablado con \u00e9l, pero aqu\u00ed en nuestro movimiento todos estamos trabajando con unidad, esa parte la dejamos atr\u00e1s y ahora hacia adelante. Yo no he hablado con \u00e9l, no se que piensa, pero no hay problema, de parte de los alcaldes, ni del movimiento, todo est\u00e1 bien&#8221;, inform\u00f3.<\/p>\n\n\n\n<p>Asimismo, sobre las aspiraciones de la expri\u00edsta Elizabeth Morales que ahora busca una posici\u00f3n para el Senado por el Partido del Trabajo, coment\u00f3 que todo se va a analizar y, lo m\u00e1s importante, es que todo se le consultar\u00e1 al pueblo a trav\u00e9s de encuestas.<\/p>\n\n\n\n<p>&#8220;No hay problema, no cualquiera, porque nuestro movimiento es abierto, es el trabajo conjunto. En Veracruz vivimos \u00a08 millones 62 mil habitantes y se tiene que ver por todos&#8221;, coment\u00f3.<\/p>\n\n\n\n<p>De igual forma, adelant\u00f3 que posiblemente se podr\u00eda sumar a la alianza el partido Fuerza por M\u00e9xico, ello luego de que ya se confirmaron las alianzas con el Partido Verde y el Partido del Trabajo.<\/p>\n\n\n\n<p>Cuestionada sobre el alcalde de Xalapa, Ricardo Ahued, defini\u00f3 que es un gran amigo, una gran persona, as\u00ed como muy valioso en el Estado, por lo que hay que trabajar con toda la gente valiosa que sume.<\/p>\n\n\n\n<p>&#8220;Yo vengo como invitada al informe, sin duda vamos a escuchar buenos resultados del gobernador y es como invitada&#8221;, dijo en entrevista.<\/p>\n\n\n\n<p>Nahle Garc\u00eda, se comprometi\u00f3 a reunirse con los colectivos de b\u00fasqueda de Veracruz para escuchar sus propuestas.<\/p>\n\n\n\n<p>Adelant\u00f3 tambi\u00e9n que en Coatzacoalcos, por la diputaci\u00f3n federal se inscribieron 5 hombres para la encuesta.<\/p>\n\n\n\n<p>Finalmente dijo desconocer si la funcionaria del ayuntamiento de Coatzacoalcos, la expriista Keren Prot se habr\u00eda inscrito como aspirante a la diputaci\u00f3n local por ese distrito.<\/p>\n","protected":false},"excerpt":{"rendered":"<p>Dar\u00edo Pale Xalapa, Ver.- En Morena hay apertura, pero se revisar\u00e1n perfiles y del ex secretario de gobierno Eric Cisneros Burgos no sabe d\u00f3nde anda, pero no tiene ning\u00fan problema con \u00e9l, as\u00ed lo dio a conocer la coordinadora de los Comit\u00e9s de Defensa de la Cuarta Transformaci\u00f3n, Roc\u00edo Nahle. En entrevista previa al Quinto [&hellip;]<\/p>\n","protected":false},"author":2476,"featured_media":47676,"comment_status":"open","ping_status":"open","sticky":false,"template":"","format":"standard","meta":{"_jetpack_memberships_contains_paid_content":false,"footnotes":""},"categories":[2],"tags":[],"class_list":["post-47675","post","type-post","status-publish","format-standard","has-post-thumbnail","hentry","category-estado"],"jetpack_featured_media_url":"https:\/\/encuentroinformativo.com.mx\/wp-content\/uploads\/2023\/11\/IMG-20231118-WA0012.jpg","jetpack_sharing_enabled":true,"jetpack_likes_enabled":true,"amp_enabled":true,"_links":{"self":[{"href":"https:\/\/encuentroinformativo.com.mx\/index.php?rest_route=\/wp\/v2\/posts\/47675","targetHints":{"allow":["GET"]}}],"collection":[{"href":"https:\/\/encuentroinformativo.com.mx\/index.php?rest_route=\/wp\/v2\/posts"}],"about":[{"href":"https:\/\/encuentroinformativo.com.mx\/index.php?rest_route=\/wp\/v2\/types\/post"}],"author":[{"embeddable":true,"href":"https:\/\/encuentroinformativo.com.mx\/index.php?rest_route=\/wp\/v2\/users\/2476"}],"replies":[{"embeddable":true,"href":"https:\/\/encuentroinformativo.com.mx\/index.php?rest_route=%2Fwp%2Fv2%2Fcomments&post=47675"}],"version-history":[{"count":1,"href":"https:\/\/encuentroinformativo.com.mx\/index.php?rest_route=\/wp\/v2\/posts\/47675\/revisions"}],"predecessor-version":[{"id":47677,"href":"https:\/\/encuentroinformativo.com.mx\/index.php?rest_route=\/wp\/v2\/posts\/47675\/revisions\/47677"}],"wp:featuredmedia":[{"embeddable":true,"href":"https:\/\/encuentroinformativo.com.mx\/index.php?rest_route=\/wp\/v2\/media\/47676"}],"wp:attachment":[{"href":"https:\/\/encuentroinformativo.com.mx\/index.php?rest_route=%2Fwp%2Fv2%2Fmedia&parent=47675"}],"wp:term":[{"taxonomy":"category","embeddable":true,"href":"https:\/\/encuentroinformativo.com.mx\/index.php?rest_route=%2Fwp%2Fv2%2Fcategories&post=47675"},{"taxonomy":"post_tag","embeddable":true,"href":"https:\/\/encuentroinformativo.com.mx\/index.php?rest_route=%2Fwp%2Fv2%2Ftags&post=47675"}],"curies":[{"name":"wp","href":"https:\/\/api.w.org\/{rel}","templated":true}]}}