{"id":47687,"date":"2023-11-19T14:48:25","date_gmt":"2023-11-19T20:48:25","guid":{"rendered":"https:\/\/encuentroinformativo.com.mx\/?p=47687"},"modified":"2023-11-19T14:48:26","modified_gmt":"2023-11-19T20:48:26","slug":"un-cambio-en-el-lenguaje-no-dana-el-odio-si","status":"publish","type":"post","link":"https:\/\/encuentroinformativo.com.mx\/?p=47687","title":{"rendered":"Un cambio en el lenguaje no da\u00f1a, el odio s\u00ed"},"content":{"rendered":"\n<p><strong>Columna de Opini\u00f3n <\/strong><\/p>\n\n\n\n<p><strong>Zaira Rosas<\/strong><\/p>\n\n\n\n<p>La muerte de Ociel Baena tiene que nombrarse, no s\u00f3lo por la necesidad de justicia detr\u00e1s del crimen, sino por la justicia que durante d\u00e9cadas han clamado las personas de la comunidad LGBTTTIQ+, porque en nuestro pa\u00eds y gran parte del mundo pareciera que las diferencias y en particular las de g\u00e9nero, son un motivo suficiente para ser acribillados f\u00edsica, verbal y emocionalmente.\u00a0<\/p>\n\n\n\n<p>Ociel Baena fue la primera persona en obtener documentos como acta de nacimiento, pasaporte y credencial para votar donde se reconoce como persona no binaria. En redes sociales se convirti\u00f3 en una figura viral pues reconoc\u00eda y luchaba constantemente por los derechos de la comunidad LGBTTTIQ+, lo cual de igual forma le hizo recibir infinidad de comentarios de odio e incluso amenazas de muerte.&nbsp;<\/p>\n\n\n\n<p>En su d\u00eda a d\u00eda ocupaba el cargo de Magistrade en el Tribunal Electoral de Aguascalientes, al cual accedi\u00f3 por cubrir una suplencia en 2022. \u00bfPor qu\u00e9 el uso de la E? es una de las principales preguntas de generaciones e incluso de quienes nos desempe\u00f1amos en el \u00e1mbito de la comunicaci\u00f3n, pues en nuestra labor se aboga por un uso correcto del lenguaje y nada m\u00e1s correcto que la inclusi\u00f3n, aunque la RAE lo se\u00f1ale como innecesario.&nbsp;<\/p>\n\n\n\n<p>A\u00f1os atr\u00e1s hablar de palabras como \u201cimprimido\u201d eran igual de incorrectas, sin embargo, su uso constante hizo que se reconociera como algo tan necesario como hoy en d\u00eda resulta la inclusi\u00f3n de la e como parte de un lenguaje incluyente y no sexista, porque hablar de hombres y mujeres resulta limitante para las personas no binarias, quienes de igual manera necesitan que se les nombre, porque aquello de lo que no hablamos no existe.&nbsp;<\/p>\n\n\n\n<p>Necesitamos hablar de le magistrade, y entender que utilizar el lenguaje como una manera de reconocimiento y empat\u00eda no da\u00f1a nada, pero no hacerlo s\u00ed puede perpetuar ideolog\u00edas que llevadas al extremo desembocan en odio e incluso cr\u00edmenes que atentan contra la integridad de las personas.&nbsp;<\/p>\n\n\n\n<p>Ociel Baena ten\u00eda muy claro esto, por ello desde su tribuna visibilizaba a trav\u00e9s de su vestimenta y propuestas de ley que las personas merecen un reconocimiento y respeto a su identidad, mediante su propia historia lleg\u00f3 a relatar c\u00f3mo tuvo que salir dos veces del cl\u00f3set, la primera cuando reconoci\u00f3 su homosexualidad y se vio obligado a dejar lo que muchas personas defin\u00edan como femenino y la segunda cuando quer\u00eda aplicar a una magistratura y las vacantes se externaban \u00fanicamente a mujeres. Fue entonces cuando reconoci\u00f3 que las personas no binarias requer\u00edan tambi\u00e9n de espacios de participaci\u00f3n pero legalmente no ten\u00edan la oportunidad si no se les reconoc\u00eda desde antes como tal, de ah\u00ed su lucha de poder acreditar su identidad de manera oficial.&nbsp;<\/p>\n\n\n\n<p>Todas las acciones que encabez\u00f3 Ociel Baena le pusieron al centro de la cr\u00edtica, llegando a recibir todo tipo de amenazas, por las que ya hab\u00eda solicitado protecci\u00f3n al igual que la Diputada Federal Salma Lu\u00e9vano. Estas amenazas hacen que la poblaci\u00f3n exija a las autoridades justicia y no considerar la muerte de Ociel Baena como un crimen pasional sin mayor explicaci\u00f3n, pues esto \u00fanicamente revictimiza a quienes de por s\u00ed han sido v\u00edctimas de estereotipos y discriminaci\u00f3n.&nbsp;<\/p>\n\n\n\n<p>Mientras tanto socialmente tenemos la obligaci\u00f3n de desaprender y aprender, el mundo cambia, nuestra sociedad tambi\u00e9n lo hace y con ello hemos de entender que el lenguaje debe hacerlo en la misma medida, nombrar m\u00faltiples g\u00e9neros no genera da\u00f1o alguno, pero la falta del reconocimiento de identidad de una persona s\u00ed. Dejemos de promover el odio y comencemos a entender que son esas diferencias las que fortalecen nuestra humanidad.&nbsp;<\/p>\n","protected":false},"excerpt":{"rendered":"<p>Columna de Opini\u00f3n Zaira Rosas La muerte de Ociel Baena tiene que nombrarse, no s\u00f3lo por la necesidad de justicia detr\u00e1s del crimen, sino por la justicia que durante d\u00e9cadas han clamado las personas de la comunidad LGBTTTIQ+, porque en nuestro pa\u00eds y gran parte del mundo pareciera que las diferencias y en particular las [&hellip;]<\/p>\n","protected":false},"author":2476,"featured_media":387,"comment_status":"open","ping_status":"open","sticky":false,"template":"","format":"standard","meta":{"_jetpack_memberships_contains_paid_content":false,"footnotes":""},"categories":[11],"tags":[],"class_list":["post-47687","post","type-post","status-publish","format-standard","has-post-thumbnail","hentry","category-opinion"],"jetpack_featured_media_url":"https:\/\/encuentroinformativo.com.mx\/wp-content\/uploads\/2020\/03\/7CF8A22B-2764-47BE-8F7F-38FE9E5D6A2F.jpeg","jetpack_sharing_enabled":true,"jetpack_likes_enabled":true,"amp_enabled":true,"_links":{"self":[{"href":"https:\/\/encuentroinformativo.com.mx\/index.php?rest_route=\/wp\/v2\/posts\/47687","targetHints":{"allow":["GET"]}}],"collection":[{"href":"https:\/\/encuentroinformativo.com.mx\/index.php?rest_route=\/wp\/v2\/posts"}],"about":[{"href":"https:\/\/encuentroinformativo.com.mx\/index.php?rest_route=\/wp\/v2\/types\/post"}],"author":[{"embeddable":true,"href":"https:\/\/encuentroinformativo.com.mx\/index.php?rest_route=\/wp\/v2\/users\/2476"}],"replies":[{"embeddable":true,"href":"https:\/\/encuentroinformativo.com.mx\/index.php?rest_route=%2Fwp%2Fv2%2Fcomments&post=47687"}],"version-history":[{"count":1,"href":"https:\/\/encuentroinformativo.com.mx\/index.php?rest_route=\/wp\/v2\/posts\/47687\/revisions"}],"predecessor-version":[{"id":47688,"href":"https:\/\/encuentroinformativo.com.mx\/index.php?rest_route=\/wp\/v2\/posts\/47687\/revisions\/47688"}],"wp:featuredmedia":[{"embeddable":true,"href":"https:\/\/encuentroinformativo.com.mx\/index.php?rest_route=\/wp\/v2\/media\/387"}],"wp:attachment":[{"href":"https:\/\/encuentroinformativo.com.mx\/index.php?rest_route=%2Fwp%2Fv2%2Fmedia&parent=47687"}],"wp:term":[{"taxonomy":"category","embeddable":true,"href":"https:\/\/encuentroinformativo.com.mx\/index.php?rest_route=%2Fwp%2Fv2%2Fcategories&post=47687"},{"taxonomy":"post_tag","embeddable":true,"href":"https:\/\/encuentroinformativo.com.mx\/index.php?rest_route=%2Fwp%2Fv2%2Ftags&post=47687"}],"curies":[{"name":"wp","href":"https:\/\/api.w.org\/{rel}","templated":true}]}}