{"id":47689,"date":"2023-11-19T14:54:58","date_gmt":"2023-11-19T20:54:58","guid":{"rendered":"https:\/\/encuentroinformativo.com.mx\/?p=47689"},"modified":"2023-11-19T14:55:00","modified_gmt":"2023-11-19T20:55:00","slug":"esperan-60-mil-visitantes-al-ciclo-verde","status":"publish","type":"post","link":"https:\/\/encuentroinformativo.com.mx\/?p=47689","title":{"rendered":"Esperan 60 mil visitantes al Ciclo Verde"},"content":{"rendered":"\n<p><strong>Juan Arcos <\/strong><\/p>\n\n\n\n<p>Xalapa, Ver.- El parque del Ciclo Verde abri\u00f3 sus puertas para recibir a m\u00e1s de 50 o 60 mil personas procedentes de 16 estados de la Rep\u00fablica Mexicana en la regi\u00f3n monta\u00f1osa del estado de Veracruz, durante esta \u00e9poca navide\u00f1a.<\/p>\n\n\n\n<p>Se localiza sobre la carretera Xalapa-Perote, a la altura del municipio Las Vigas de Ram\u00edrez, donde hay 28 hect\u00e1reas de superficie con m\u00e1s de 77 mil pinos de Navidad, que comenzaron a venderse a partir del 18 de noviembre.<\/p>\n\n\n\n<p>Este bosque est\u00e1 en el lado nororiental de la monta\u00f1a Cofre de Perote, a poco m\u00e1s de 250 kil\u00f3metros de la Ciudad de M\u00e9xico, a 100 kil\u00f3metros de las ciudades de Puebla y el puerto de Veracruz y a 29 kil\u00f3metros de la ciudad de Xalapa.<\/p>\n\n\n\n<p>Pedro Ernesto del Castillo Cueva, director general del Corporativo El Bosque del Ciclo Verde (CBCV), explic\u00f3 que se trata del complejo silv\u00edcola m\u00e1s importante del sureste mexicano.<\/p>\n\n\n\n<p>Adem\u00e1s, con la apertura de poco m\u00e1s de 30 ranchos silv\u00edcolas situados en las faldas de la monta\u00f1a Cofre de Perote, toda esta regi\u00f3n se convierte en el referente nacional de producci\u00f3n de \u00e1rboles de navidad en especies como Ayacahuite, Oyamel, Cedro Blanco y Pseudosougar.<\/p>\n\n\n\n<p>En conferencia de prensa en el Ciclo Verde, explic\u00f3 que las actividades est\u00e1n programadas del 18 de noviembre al 17 de diciembre.<\/p>\n\n\n\n<p>Se ofrecen los atractivos \u201cEscoja y Corte&#8221; su \u00e1rbol de navidad, en un horario de nueve de la ma\u00f1ana a seis de la tarde, de lunes a domingo, y del Parque Tem\u00e1tico No\u00ebl, de 11 de la ma\u00f1ana a \u00a0las nueve de la noche, \u00fanicamente s\u00e1bados y domingos.<\/p>\n\n\n\n<p>El Director del Corporativo del Bosque del Ciclo Verde se\u00f1al\u00f3 que la regi\u00f3n del centro del estado de Veracruz se convirti\u00f3 en un referente nacional en producci\u00f3n de \u00e1rboles de Navidad, donde contribuyen todos los silvicultores a impulsar las econom\u00edas de los sectores primario y terciario al potenciar la comercializaci\u00f3n hasta en m\u00e1s del 500 por ciento y un incremento de la ocupaci\u00f3n hotelera al 100 por ciento.<\/p>\n\n\n\n<p>Se habla de un impacto directo e indirecto a la econom\u00eda veracruzana y de otros estados como Quer\u00e9taro, Jalisco y Puebla, que participan en la operaci\u00f3n de los componentes del Bosque del Ciclo Verde, pues se dispersa la econom\u00eda en el pago de talentos, producci\u00f3n, iluminaci\u00f3n, decoraci\u00f3n, audios, instalaciones de conectividad con fibra \u00f3ptica, personal de primeros auxilios, protecci\u00f3n civil, seguridad, log\u00edstica, mercadotecnia, electricidad, herrer\u00eda, carpinter\u00eda, ferreter\u00eda, dise\u00f1o e impresi\u00f3n, as\u00ed como en la renta de seis terrenos aleda\u00f1os que se utilizan como estacionamiento.<\/p>\n\n\n\n<p>El empresario calcula que en materia de generaci\u00f3n de empleos directos con todas las prestaciones, as\u00ed como empleos indirectos por todas las actividades econ\u00f3micas que se desarrollan en torno al Bosque del Ciclo Verde, superan los tres mil 350 fuentes de trabajo en beneficio de las familias de la regi\u00f3n.<\/p>\n\n\n\n<p>Mencion\u00f3 que creci\u00f3 en grupo \u201cAmigos del Ciclo Verde&#8221;, que lo integran actualmente 75 empresarios destacados de la industria tur\u00edstica, gastron\u00f3mica y del transporte, cuya contribuci\u00f3n es fundamental toda vez que ofrecen descuentos en sus negocios a todas las familias que presentan su cuponera, la cual acredita que visitaron las experiencias en el complejo silv\u00edcola.<\/p>\n\n\n\n<p>En este complejo silv\u00edcola se han venido innovando t\u00e9cnicas forestales y procedimientos de cultivo, las cuales han hecho que El Bosque del Ciclo Verde sea considerado como un ejemplo nacional de sustentabilidad ambiental, social y econ\u00f3mica.<\/p>\n\n\n\n<h3 class=\"wp-block-heading\">EL \u00daNICO EN AM\u00c9RICA<\/h3>\n\n\n\n<p>Sobre el Parque Tem\u00e1tico No\u00ebl, Pedro Ernesto del Castillo explic\u00f3 que se trata de un concepto \u00fanico en Am\u00e9rica porque est\u00e1 inspirado en la sustentabilidad, cuyo prop\u00f3sito es demostrar que los bosques pueden y deben ser un destino tur\u00edstico, cuyas tres premisas son: el cuidado de la naturaleza, uso de la m\u00e1xima tecnolog\u00eda disponible en el mundo y el fomento de la integraci\u00f3n y convivencia familiar.<\/p>\n\n\n\n<p>En esta temporada Oto\u00f1o-Invierno 2023 se presentan dos novedades que seguir\u00e1n haciendo del parque tem\u00e1tico un lugar m\u00e1gico y m\u00edstico: Fulgoria, una cueva natural de 120 metros de longitud, donde se puede apreciar la estrella que decidi\u00f3 brillar intensamente al interior del Bosque del Ciclo Verde.<\/p>\n\n\n\n<p>Tambi\u00e9n se habilit\u00f3 el atractivo \u201cluces de alegr\u00eda\u201d, una experiencia art\u00edstico-musical que har\u00e1 del encendido del \u00e1rbol de la Navidad un momento \u00fanico e inolvidable.<\/p>\n\n\n\n<p>El costo para el programa \u201cEscoja y corte\u201d tiene un costo de 890 pesos por veh\u00edculo o familia. Para m\u00e1s informaci\u00f3n pueden ingresar a la p\u00e1gina de Facebook \u201cBosque del Ciclo Verde\u201d.<\/p>\n","protected":false},"excerpt":{"rendered":"<p>Juan Arcos Xalapa, Ver.- El parque del Ciclo Verde abri\u00f3 sus puertas para recibir a m\u00e1s de 50 o 60 mil personas procedentes de 16 estados de la Rep\u00fablica Mexicana en la regi\u00f3n monta\u00f1osa del estado de Veracruz, durante esta \u00e9poca navide\u00f1a. Se localiza sobre la carretera Xalapa-Perote, a la altura del municipio Las Vigas [&hellip;]<\/p>\n","protected":false},"author":2476,"featured_media":47690,"comment_status":"open","ping_status":"open","sticky":false,"template":"","format":"standard","meta":{"_jetpack_memberships_contains_paid_content":false,"footnotes":""},"categories":[8],"tags":[],"class_list":["post-47689","post","type-post","status-publish","format-standard","has-post-thumbnail","hentry","category-region"],"jetpack_featured_media_url":"https:\/\/encuentroinformativo.com.mx\/wp-content\/uploads\/2023\/11\/IMG_1403.jpg","jetpack_sharing_enabled":true,"jetpack_likes_enabled":true,"amp_enabled":true,"_links":{"self":[{"href":"https:\/\/encuentroinformativo.com.mx\/index.php?rest_route=\/wp\/v2\/posts\/47689","targetHints":{"allow":["GET"]}}],"collection":[{"href":"https:\/\/encuentroinformativo.com.mx\/index.php?rest_route=\/wp\/v2\/posts"}],"about":[{"href":"https:\/\/encuentroinformativo.com.mx\/index.php?rest_route=\/wp\/v2\/types\/post"}],"author":[{"embeddable":true,"href":"https:\/\/encuentroinformativo.com.mx\/index.php?rest_route=\/wp\/v2\/users\/2476"}],"replies":[{"embeddable":true,"href":"https:\/\/encuentroinformativo.com.mx\/index.php?rest_route=%2Fwp%2Fv2%2Fcomments&post=47689"}],"version-history":[{"count":1,"href":"https:\/\/encuentroinformativo.com.mx\/index.php?rest_route=\/wp\/v2\/posts\/47689\/revisions"}],"predecessor-version":[{"id":47691,"href":"https:\/\/encuentroinformativo.com.mx\/index.php?rest_route=\/wp\/v2\/posts\/47689\/revisions\/47691"}],"wp:featuredmedia":[{"embeddable":true,"href":"https:\/\/encuentroinformativo.com.mx\/index.php?rest_route=\/wp\/v2\/media\/47690"}],"wp:attachment":[{"href":"https:\/\/encuentroinformativo.com.mx\/index.php?rest_route=%2Fwp%2Fv2%2Fmedia&parent=47689"}],"wp:term":[{"taxonomy":"category","embeddable":true,"href":"https:\/\/encuentroinformativo.com.mx\/index.php?rest_route=%2Fwp%2Fv2%2Fcategories&post=47689"},{"taxonomy":"post_tag","embeddable":true,"href":"https:\/\/encuentroinformativo.com.mx\/index.php?rest_route=%2Fwp%2Fv2%2Ftags&post=47689"}],"curies":[{"name":"wp","href":"https:\/\/api.w.org\/{rel}","templated":true}]}}