{"id":4769,"date":"2020-08-09T21:55:07","date_gmt":"2020-08-10T02:55:07","guid":{"rendered":"https:\/\/encuentroinformativo.com\/?p=4769"},"modified":"2020-08-09T21:55:09","modified_gmt":"2020-08-10T02:55:09","slug":"a-causa-de-covid19-fallece-parroco-de-la-basilica-menor","status":"publish","type":"post","link":"https:\/\/encuentroinformativo.com.mx\/?p=4769","title":{"rendered":"A causa de Covid19, fallece p\u00e1rroco de la Bas\u00edlica Menor"},"content":{"rendered":"\n<p><strong>Juan Arcos<\/strong> <\/p>\n\n\n\n<p>Xalapa, Ver.- La Arquidi\u00f3cesis de Xalapa est\u00e1 de luto por el fallecimiento del presb\u00edtero Gilberto Su\u00e1rez Rebolledo, quien se desempe\u00f1aba como Vicario general del Arzobispado y p\u00e1rroco en la Bas\u00edlica Menor de la Virgen de Guadalupe en Xalapa.<\/p>\n\n\n\n<p>El vocero de la Arquidi\u00f3cesis de Xalapa, Jos\u00e9 Manuel Suazo Reyes, confirm\u00f3 que el Sacerdote muri\u00f3 a causa de un infarto, mientras luchaba para recuperarse del SARS-COV-2 (COVID-19).<\/p>\n\n\n\n<p>\u201cEsta tarde falleci\u00f3 el Pbro. Gilberto Su\u00e1rez Rebolledo quien se desempe\u00f1aba como Vicario general del Arzobispado y p\u00e1rroco en la Bas\u00edlica de N.S. De Guadalupe en Xalapa. Por lo misericordia de Dios, descanse en Paz. Sus exequias ser\u00e1n en forma privada\u201d, escribi\u00f3 en Twitter.<\/p>\n\n\n\n<p>Hace 15 d\u00edas, en la homil\u00eda dominical, el arzobispo Hip\u00f3lito Reyes Larios, pidi\u00f3 por la recuperaci\u00f3n del padre Su\u00e1rez Rebolledo, quien permanec\u00eda internado en el Centro de Alta Especialidad &#8220;Doctor Rafael Lucio&#8221;.<\/p>\n\n\n\n<p>Se trata del segundo sacerdote de la Arquidi\u00f3cesis de Xalapa que muere a causa del COVID-19, pues el exorcista \u00c1lvaro Fern\u00e1ndez \u00c1vila falleci\u00f3 a sus 87 a\u00f1os, la noche del lunes 20 de julio.<\/p>\n\n\n\n<p>El 1 de diciembre pasado, Su\u00e1rez Rebolledo particip\u00f3 en una procesi\u00f3n en la capital de Veracruz, junto con cientos feligreses y sacerdotes, para anunciar el inicio de las actividades religiosas por el D\u00eda de la Virgen de Guadalupe, el 12 de diciembre.<\/p>\n\n\n\n<p>El p\u00e1rroco recib\u00eda hasta a medio mill\u00f3n de peregrinos en la Bas\u00edlica Menor, ubicada en el barrio de El Dique, cerca del Paseo de los Lagos, para celebrar a la Virgen.<\/p>\n\n\n\n<p>Cabe recordar que, el mes pasado, tambi\u00e9n fallecieron dos sacerdotes del estado de Veracruz por complicaciones en su salud, a causa del COVID-19.<\/p>\n\n\n\n<p>Se trata de Antonio Ameca Rodr\u00edguez, p\u00e1rroco de la Iglesia de San Miguel, en el municipio de C\u00f3rdoba, y Ezequiel Reyes Alejandro, sacerdote de la Di\u00f3cesis de Coatzacoalcos.<\/p>\n\n\n\n<p>Este mismo domingo, muri\u00f3 la alcaldesa de Moloac\u00e1n, Victoria Rasgado P\u00e9rez, a causa de la misma enfermedad. <\/p>\n\n\n\n<p><\/p>\n","protected":false},"excerpt":{"rendered":"<p>Juan Arcos Xalapa, Ver.- La Arquidi\u00f3cesis de Xalapa est\u00e1 de luto por el fallecimiento del presb\u00edtero Gilberto Su\u00e1rez Rebolledo, quien se desempe\u00f1aba como Vicario general del Arzobispado y p\u00e1rroco en la Bas\u00edlica Menor de la Virgen de Guadalupe en Xalapa. El vocero de la Arquidi\u00f3cesis de Xalapa, Jos\u00e9 Manuel Suazo Reyes, confirm\u00f3 que el Sacerdote [&hellip;]<\/p>\n","protected":false},"author":1,"featured_media":4770,"comment_status":"open","ping_status":"open","sticky":false,"template":"","format":"standard","meta":{"_jetpack_memberships_contains_paid_content":false,"footnotes":""},"categories":[3],"tags":[],"class_list":["post-4769","post","type-post","status-publish","format-standard","has-post-thumbnail","hentry","category-xalapa"],"jetpack_featured_media_url":"https:\/\/encuentroinformativo.com.mx\/wp-content\/uploads\/2020\/08\/4EAC46DE-0863-43E0-A504-491216810BED.jpeg","jetpack_sharing_enabled":true,"jetpack_likes_enabled":true,"amp_enabled":true,"_links":{"self":[{"href":"https:\/\/encuentroinformativo.com.mx\/index.php?rest_route=\/wp\/v2\/posts\/4769","targetHints":{"allow":["GET"]}}],"collection":[{"href":"https:\/\/encuentroinformativo.com.mx\/index.php?rest_route=\/wp\/v2\/posts"}],"about":[{"href":"https:\/\/encuentroinformativo.com.mx\/index.php?rest_route=\/wp\/v2\/types\/post"}],"author":[{"embeddable":true,"href":"https:\/\/encuentroinformativo.com.mx\/index.php?rest_route=\/wp\/v2\/users\/1"}],"replies":[{"embeddable":true,"href":"https:\/\/encuentroinformativo.com.mx\/index.php?rest_route=%2Fwp%2Fv2%2Fcomments&post=4769"}],"version-history":[{"count":1,"href":"https:\/\/encuentroinformativo.com.mx\/index.php?rest_route=\/wp\/v2\/posts\/4769\/revisions"}],"predecessor-version":[{"id":4771,"href":"https:\/\/encuentroinformativo.com.mx\/index.php?rest_route=\/wp\/v2\/posts\/4769\/revisions\/4771"}],"wp:featuredmedia":[{"embeddable":true,"href":"https:\/\/encuentroinformativo.com.mx\/index.php?rest_route=\/wp\/v2\/media\/4770"}],"wp:attachment":[{"href":"https:\/\/encuentroinformativo.com.mx\/index.php?rest_route=%2Fwp%2Fv2%2Fmedia&parent=4769"}],"wp:term":[{"taxonomy":"category","embeddable":true,"href":"https:\/\/encuentroinformativo.com.mx\/index.php?rest_route=%2Fwp%2Fv2%2Fcategories&post=4769"},{"taxonomy":"post_tag","embeddable":true,"href":"https:\/\/encuentroinformativo.com.mx\/index.php?rest_route=%2Fwp%2Fv2%2Ftags&post=4769"}],"curies":[{"name":"wp","href":"https:\/\/api.w.org\/{rel}","templated":true}]}}