{"id":47697,"date":"2023-11-20T11:13:51","date_gmt":"2023-11-20T17:13:51","guid":{"rendered":"https:\/\/encuentroinformativo.com.mx\/?p=47697"},"modified":"2023-11-20T11:13:52","modified_gmt":"2023-11-20T17:13:52","slug":"por-visita-de-claudia-sheinbaum-a-medellin-de-bravo-realizaran-caminata-de-apoyo","status":"publish","type":"post","link":"https:\/\/encuentroinformativo.com.mx\/?p=47697","title":{"rendered":"Por visita de Claudia Sheinbaum a Medell\u00edn de Bravo realizar\u00e1n caminata de apoyo"},"content":{"rendered":"\n<p><strong>Alejandro \u00c1vila<\/strong><\/p>\n\n\n\n<p>Medell\u00edn de Bravo, Ver.- Este lunes por la tarde se llevar\u00e1 a cabo una caminata en favor de Claudia Sheinbaum Pardo, coordinadora nacional de los Comit\u00e9s de la Cuarta Transformaci\u00f3n, misma que arranc\u00e1 sus recorridos en Veracruz, especificamente en el citado municipio.<\/p>\n\n\n\n<p>Este recorrido es organizado por el diputado local, Magdaleno Rosales Torres, quien cit\u00f3 a todos los ciudadanos de Medell\u00edn de Bravo y municipios cercanos como: Soledad de Doblado, Manlio Fabio Altamirano, Camar\u00f3n de Tejeda, Paso de Macho, Jamapa, entre otros, a reunirse a las 14:30 horas en la tienda de conveniencia Aurrera, misma que se ubica en la carretera Veracruz &#8211; El Tejar.<\/p>\n\n\n\n<p>El inicio de la caminata est\u00e1 programado para las 15 horas, donde al grito de \u00a1\u00a1 Claudia, Claudia !! y \u00a1\u00a1Es Tiempo de las Mujeres!!, los simpatizantes de la aspirante a la presidencia de la rep\u00fablica por Morena, llegar\u00e1 al Campo de Futbol del fraccionamiento Puente Moreno, donde la cordinadora nacional de los Comit\u00e9s de Cuarta Transformaci\u00f3n, tendr\u00e1 un evento masivo alrededor de las 16:30 horas.<\/p>\n\n\n\n<p>Cabe mencionar que, previo a este evento, Claudia Sheinbaum, estar\u00e1 en el World Trade Center de Boca del R\u00edo a las 10 horas, donde adem\u00e1s de estar acompa\u00f1ada del presidente nacional de Morena, Mario Delgado Carrillo, se espera la presencia de la coordinadora estatal de los Comit\u00e9s de la Cuarta Transformaci\u00f3n, Roc\u00edo Nahle Garc\u00eda.<\/p>\n","protected":false},"excerpt":{"rendered":"<p>Alejandro \u00c1vila Medell\u00edn de Bravo, Ver.- Este lunes por la tarde se llevar\u00e1 a cabo una caminata en favor de Claudia Sheinbaum Pardo, coordinadora nacional de los Comit\u00e9s de la Cuarta Transformaci\u00f3n, misma que arranc\u00e1 sus recorridos en Veracruz, especificamente en el citado municipio. Este recorrido es organizado por el diputado local, Magdaleno Rosales Torres, [&hellip;]<\/p>\n","protected":false},"author":2476,"featured_media":47698,"comment_status":"open","ping_status":"open","sticky":false,"template":"","format":"standard","meta":{"_jetpack_memberships_contains_paid_content":false,"footnotes":""},"categories":[2],"tags":[],"class_list":["post-47697","post","type-post","status-publish","format-standard","has-post-thumbnail","hentry","category-estado"],"jetpack_featured_media_url":"https:\/\/encuentroinformativo.com.mx\/wp-content\/uploads\/2023\/11\/IMG-20231120-WA0003.jpg","jetpack_sharing_enabled":true,"jetpack_likes_enabled":true,"amp_enabled":true,"_links":{"self":[{"href":"https:\/\/encuentroinformativo.com.mx\/index.php?rest_route=\/wp\/v2\/posts\/47697","targetHints":{"allow":["GET"]}}],"collection":[{"href":"https:\/\/encuentroinformativo.com.mx\/index.php?rest_route=\/wp\/v2\/posts"}],"about":[{"href":"https:\/\/encuentroinformativo.com.mx\/index.php?rest_route=\/wp\/v2\/types\/post"}],"author":[{"embeddable":true,"href":"https:\/\/encuentroinformativo.com.mx\/index.php?rest_route=\/wp\/v2\/users\/2476"}],"replies":[{"embeddable":true,"href":"https:\/\/encuentroinformativo.com.mx\/index.php?rest_route=%2Fwp%2Fv2%2Fcomments&post=47697"}],"version-history":[{"count":1,"href":"https:\/\/encuentroinformativo.com.mx\/index.php?rest_route=\/wp\/v2\/posts\/47697\/revisions"}],"predecessor-version":[{"id":47699,"href":"https:\/\/encuentroinformativo.com.mx\/index.php?rest_route=\/wp\/v2\/posts\/47697\/revisions\/47699"}],"wp:featuredmedia":[{"embeddable":true,"href":"https:\/\/encuentroinformativo.com.mx\/index.php?rest_route=\/wp\/v2\/media\/47698"}],"wp:attachment":[{"href":"https:\/\/encuentroinformativo.com.mx\/index.php?rest_route=%2Fwp%2Fv2%2Fmedia&parent=47697"}],"wp:term":[{"taxonomy":"category","embeddable":true,"href":"https:\/\/encuentroinformativo.com.mx\/index.php?rest_route=%2Fwp%2Fv2%2Fcategories&post=47697"},{"taxonomy":"post_tag","embeddable":true,"href":"https:\/\/encuentroinformativo.com.mx\/index.php?rest_route=%2Fwp%2Fv2%2Ftags&post=47697"}],"curies":[{"name":"wp","href":"https:\/\/api.w.org\/{rel}","templated":true}]}}