{"id":47700,"date":"2023-11-20T11:56:03","date_gmt":"2023-11-20T17:56:03","guid":{"rendered":"https:\/\/encuentroinformativo.com.mx\/?p=47700"},"modified":"2023-11-20T11:56:04","modified_gmt":"2023-11-20T17:56:04","slug":"con-alumbrado-brindan-mayor-impulso-comercial-en-piedras-negras","status":"publish","type":"post","link":"https:\/\/encuentroinformativo.com.mx\/?p=47700","title":{"rendered":"Con alumbrado, brindan mayor impulso comercial en Piedras Negras"},"content":{"rendered":"\n<p><strong>Alejandro \u00c1vila<\/strong><\/p>\n\n\n\n<p>Tlalixcoyan, Ver.- Piedras Negras, se convirti\u00f3 en el \u00edcono comercial del municipio de Tlalixcoyan, y para impulsar esta actividad, el pasado fin de semana, la presidenta municipal de Tlalixcoyan, Elvia Illescas Loyo, entreg\u00f3 la obra de alumbrado en el Circuito Centro de Piedras Negras, consistente en 1,552 metros lineales de luminarias LED de alta tecnolog\u00eda que beneficiar\u00e1 a m\u00e1s de 9 mil habitantes de dicha congregaci\u00f3n.<\/p>\n\n\n\n<p>Acompa\u00f1ada de las y los regidores, la alcaldesa explic\u00f3 que se trata de una obra de gran relevancia para la zona, toda vez que Piedras Negras es el \u00edcono comercial del municipio y esta nueva red de alumbrado traer\u00e1 grandes beneficios a la ciudadan\u00eda, fortalecer\u00e1 la actividad comercial y estimular\u00e1 la convivencia social.<\/p>\n\n\n\n<p>\u201cHoy inauguramos la rehabilitaci\u00f3n de mil 522 metros lineales de alumbrado para las calles de Piedras Negras. Una l\u00e1mpara cada 18 metros, m\u00e1s de 3 kil\u00f3metros de cableado.&nbsp; Nuestro compromiso lo cumplimos en 70 d\u00edas\u201d, dijo la mun\u00edcipe.<\/p>\n\n\n\n<p>A\u00f1adi\u00f3 que, para este fin, se destinaron 7 mil 400 horas de trabajo en la colocaci\u00f3n de luminarias que se ubican en calles como: 3 de diciembre, Morelos, constituci\u00f3n, H\u00e9roe de Nacozari, Independencia, 16 de septiembre, calle del Cedro, Benjam\u00edn Hidalgo, callej\u00f3n Andr\u00e9s Arroyo y la avenida Libertad.<\/p>\n\n\n\n<p>\u201c10 calles tendr\u00e1n alumbrado nuevo, 10 calles que renovar\u00e1n la imagen de Piedras Negras (..) As\u00ed de grande es nuestro compromiso con el coraz\u00f3n del comercio de Piedras Negras, la localidad m\u00e1s fuerte de nuestro municipio\u201d, afirm\u00f3 en el uso de la voz.<\/p>\n\n\n\n<p>Destac\u00f3 que en este ejercicio se han llevado obras de alumbrado a diversas comunidades de Tlalixcoyan, lo cual, forma parte de la pol\u00edtica social de esta administraci\u00f3n de Caminar Juntos por el bien com\u00fan.<\/p>\n","protected":false},"excerpt":{"rendered":"<p>Alejandro \u00c1vila Tlalixcoyan, Ver.- Piedras Negras, se convirti\u00f3 en el \u00edcono comercial del municipio de Tlalixcoyan, y para impulsar esta actividad, el pasado fin de semana, la presidenta municipal de Tlalixcoyan, Elvia Illescas Loyo, entreg\u00f3 la obra de alumbrado en el Circuito Centro de Piedras Negras, consistente en 1,552 metros lineales de luminarias LED de [&hellip;]<\/p>\n","protected":false},"author":2476,"featured_media":47701,"comment_status":"open","ping_status":"open","sticky":false,"template":"","format":"standard","meta":{"_jetpack_memberships_contains_paid_content":false,"footnotes":""},"categories":[2],"tags":[],"class_list":["post-47700","post","type-post","status-publish","format-standard","has-post-thumbnail","hentry","category-estado"],"jetpack_featured_media_url":"https:\/\/encuentroinformativo.com.mx\/wp-content\/uploads\/2023\/11\/IMG-20231120-WA0010.jpg","jetpack_sharing_enabled":true,"jetpack_likes_enabled":true,"amp_enabled":true,"_links":{"self":[{"href":"https:\/\/encuentroinformativo.com.mx\/index.php?rest_route=\/wp\/v2\/posts\/47700","targetHints":{"allow":["GET"]}}],"collection":[{"href":"https:\/\/encuentroinformativo.com.mx\/index.php?rest_route=\/wp\/v2\/posts"}],"about":[{"href":"https:\/\/encuentroinformativo.com.mx\/index.php?rest_route=\/wp\/v2\/types\/post"}],"author":[{"embeddable":true,"href":"https:\/\/encuentroinformativo.com.mx\/index.php?rest_route=\/wp\/v2\/users\/2476"}],"replies":[{"embeddable":true,"href":"https:\/\/encuentroinformativo.com.mx\/index.php?rest_route=%2Fwp%2Fv2%2Fcomments&post=47700"}],"version-history":[{"count":1,"href":"https:\/\/encuentroinformativo.com.mx\/index.php?rest_route=\/wp\/v2\/posts\/47700\/revisions"}],"predecessor-version":[{"id":47702,"href":"https:\/\/encuentroinformativo.com.mx\/index.php?rest_route=\/wp\/v2\/posts\/47700\/revisions\/47702"}],"wp:featuredmedia":[{"embeddable":true,"href":"https:\/\/encuentroinformativo.com.mx\/index.php?rest_route=\/wp\/v2\/media\/47701"}],"wp:attachment":[{"href":"https:\/\/encuentroinformativo.com.mx\/index.php?rest_route=%2Fwp%2Fv2%2Fmedia&parent=47700"}],"wp:term":[{"taxonomy":"category","embeddable":true,"href":"https:\/\/encuentroinformativo.com.mx\/index.php?rest_route=%2Fwp%2Fv2%2Fcategories&post=47700"},{"taxonomy":"post_tag","embeddable":true,"href":"https:\/\/encuentroinformativo.com.mx\/index.php?rest_route=%2Fwp%2Fv2%2Ftags&post=47700"}],"curies":[{"name":"wp","href":"https:\/\/api.w.org\/{rel}","templated":true}]}}