{"id":47703,"date":"2023-11-20T12:00:31","date_gmt":"2023-11-20T18:00:31","guid":{"rendered":"https:\/\/encuentroinformativo.com.mx\/?p=47703"},"modified":"2023-11-20T12:00:32","modified_gmt":"2023-11-20T18:00:32","slug":"rompio-record-de-asistencia-festival-del-esquite","status":"publish","type":"post","link":"https:\/\/encuentroinformativo.com.mx\/?p=47703","title":{"rendered":"Rompi\u00f3 record de asistencia Festival del Esquite"},"content":{"rendered":"\n<p><strong>Alejandro \u00c1vila<\/strong><\/p>\n\n\n\n<p>Veracruz, Ver.- Aproximadamente 23 mil personas visitaron el Festival del Esquite en z\u00f3calo de Veracruz el pasado viernes 17 de noviembre, con lo que se rompi\u00f3 record de asistencia para un evento de este tipo, inform\u00f3 la alcaldesa, Patricia Lobeira Rodr\u00edguez.<\/p>\n\n\n\n<p>La panista mencion\u00f3 que, debido al \u00e9xito, se tendr\u00e1 una segunda edici\u00f3n, la cual podr\u00eda ser en el mes de diciembre, aunque por la afluencia masiva, la sede podr\u00eda cambiar a la Macro Plaza del Malec\u00f3n.<\/p>\n\n\n\n<p>&#8220;Tuvimos el Festival del Esquite, quiero decirles que fue un exitazo, normalmente llegaban alrededor de 8 mil &#8211; 10 mil personas a estas ferias, y el viernes en la Feria del Esquite nos llegaron alrededor de 23 mil personas. Lo que vimos es que el esquite le encanta a los jarochos, es la botana preferida, y yo creo que vamos a hacer un segundo festival, pero ya lo vamos a hacer en la Macroplaza para que sea en grande, porque s\u00ed tuvo mucha afluencia, la gente estaba muy emocionada, muy contenta. Se vendieron m\u00e1s de 14 mil esquites, pero adem\u00e1s, tambi\u00e9n 3 mil chicharrones, 3 mil sopas preparadas, y vimos de todo un poco, de todo tipo de botanas, pero lo que vimos que este tipo de botanas a la gente le encanta, vamos a hacer un segundo festival y lo haremos en un espacio m\u00e1s amplio para que quepan todas las personas&#8221;, expres\u00f3 la edil.<\/p>\n\n\n\n<p>Entrevistada en el izado de bandera que se realiz\u00f3 con motivo del 113 aniversario de la Revoluci\u00f3n Mexicana, dijo en otro tema que fue un fin de semana largo exitoso, pues se registr\u00f3 una gran afluencia tur\u00edstica durante este &#8220;puente vacacional&#8221;.<\/p>\n\n\n\n<p>Incluso, destac\u00f3 que los comerciantes esperaban que para programa El Buen Fin, se tuviera un aumento de ventas del 5 por ciento, y al parecer este fue del 15 por ciento en la zona conurbada Veracruz &#8211; Boca del R\u00edo.<\/p>\n","protected":false},"excerpt":{"rendered":"<p>Alejandro \u00c1vila Veracruz, Ver.- Aproximadamente 23 mil personas visitaron el Festival del Esquite en z\u00f3calo de Veracruz el pasado viernes 17 de noviembre, con lo que se rompi\u00f3 record de asistencia para un evento de este tipo, inform\u00f3 la alcaldesa, Patricia Lobeira Rodr\u00edguez. La panista mencion\u00f3 que, debido al \u00e9xito, se tendr\u00e1 una segunda edici\u00f3n, [&hellip;]<\/p>\n","protected":false},"author":2476,"featured_media":47704,"comment_status":"open","ping_status":"open","sticky":false,"template":"","format":"standard","meta":{"_jetpack_memberships_contains_paid_content":false,"footnotes":""},"categories":[2],"tags":[],"class_list":["post-47703","post","type-post","status-publish","format-standard","has-post-thumbnail","hentry","category-estado"],"jetpack_featured_media_url":"https:\/\/encuentroinformativo.com.mx\/wp-content\/uploads\/2023\/11\/IMG-20231120-WA00042.jpg","jetpack_sharing_enabled":true,"jetpack_likes_enabled":true,"amp_enabled":true,"_links":{"self":[{"href":"https:\/\/encuentroinformativo.com.mx\/index.php?rest_route=\/wp\/v2\/posts\/47703","targetHints":{"allow":["GET"]}}],"collection":[{"href":"https:\/\/encuentroinformativo.com.mx\/index.php?rest_route=\/wp\/v2\/posts"}],"about":[{"href":"https:\/\/encuentroinformativo.com.mx\/index.php?rest_route=\/wp\/v2\/types\/post"}],"author":[{"embeddable":true,"href":"https:\/\/encuentroinformativo.com.mx\/index.php?rest_route=\/wp\/v2\/users\/2476"}],"replies":[{"embeddable":true,"href":"https:\/\/encuentroinformativo.com.mx\/index.php?rest_route=%2Fwp%2Fv2%2Fcomments&post=47703"}],"version-history":[{"count":1,"href":"https:\/\/encuentroinformativo.com.mx\/index.php?rest_route=\/wp\/v2\/posts\/47703\/revisions"}],"predecessor-version":[{"id":47705,"href":"https:\/\/encuentroinformativo.com.mx\/index.php?rest_route=\/wp\/v2\/posts\/47703\/revisions\/47705"}],"wp:featuredmedia":[{"embeddable":true,"href":"https:\/\/encuentroinformativo.com.mx\/index.php?rest_route=\/wp\/v2\/media\/47704"}],"wp:attachment":[{"href":"https:\/\/encuentroinformativo.com.mx\/index.php?rest_route=%2Fwp%2Fv2%2Fmedia&parent=47703"}],"wp:term":[{"taxonomy":"category","embeddable":true,"href":"https:\/\/encuentroinformativo.com.mx\/index.php?rest_route=%2Fwp%2Fv2%2Fcategories&post=47703"},{"taxonomy":"post_tag","embeddable":true,"href":"https:\/\/encuentroinformativo.com.mx\/index.php?rest_route=%2Fwp%2Fv2%2Ftags&post=47703"}],"curies":[{"name":"wp","href":"https:\/\/api.w.org\/{rel}","templated":true}]}}