{"id":47706,"date":"2023-11-20T12:07:26","date_gmt":"2023-11-20T18:07:26","guid":{"rendered":"https:\/\/encuentroinformativo.com.mx\/?p=47706"},"modified":"2023-11-20T12:07:27","modified_gmt":"2023-11-20T18:07:27","slug":"la-inseguridad-en-maltrata-es-reflejo-de-la-situacion-en-veracruz-pepe-yunes","status":"publish","type":"post","link":"https:\/\/encuentroinformativo.com.mx\/?p=47706","title":{"rendered":"La inseguridad en Maltrata es reflejo de la situaci\u00f3n en Veracruz: Pepe Yunes"},"content":{"rendered":"\n<p><strong>Alejandro \u00c1vila<\/strong><\/p>\n\n\n\n<p>Maltrata, Ver.- El diputado federal, Jos\u00e9 Francisco Yunes Zorrilla, reconocido la alta inseguridad que se vive en el municipio de Maltrata; sin embargo, dijo que esto no es lo \u00fanico que se puede ver en la zona, adem\u00e1s de su historia, se debe remarcar el trabajo diario que realizan los ciudadanos.<\/p>\n\n\n\n<p>A pesar de que en el mes de septiembre, el gobernador, Cuitl\u00e1huac Garc\u00eda Jim\u00e9nez neg\u00f3 una alza en los delitos sobre la carretera Orizaba &#8211; Puebla, justo a la altura de las Cumbres de Maltrata; tuvo que recular horas m\u00e1s tarde, pues el presidente, Andr\u00e9s Manuel L\u00f3pez Obrador, reconoci\u00f3 que la inseguridad en la zona estaba descontromada, por lo cual aumentar\u00edan la presencia de seguridad con la Secretar\u00eda de Marina, Guardia Nacional, auxiliados de drones.<\/p>\n\n\n\n<p>&#8220;Maltrata tiene que reconocerse por muchas otras cosas empezando por su belleza, por su historia, por su capacidad de trabajo de su gente, nada m\u00e1s que necesita un gobierno que vaya generando las condiciones de desarrollo que hoy demanda su ciudadan\u00eda. S\u00ed hay inseguridad, no podemos cerrar los ojos, venimos hasta ac\u00e1 para escuchar de viva voz buena parte de la agon\u00eda que implica este tema social, y habr\u00e1 que generar condiciones para que la comunidad en su conjunto, los transportistas, los comerciantes, puedan tener tranquilidad, que es lo m\u00ednimo que se exige de un gobierno en cualquier lugar&#8221;, sentenci\u00f3 Pepe Yunes.<\/p>\n\n\n\n<p>Tal s\u00f3lo en 2003 se registr\u00f3 un ataque armado el grupo musical Fuerza Regida en la mencionada zona; de la misma manera se hicieron virales dos videos en diferentes fechas (23 de marzo y 24 de julio), donde grupos armados asaltaban a automovilistas y trailers a su paso por las Cumbres de Maltrata.<\/p>\n","protected":false},"excerpt":{"rendered":"<p>Alejandro \u00c1vila Maltrata, Ver.- El diputado federal, Jos\u00e9 Francisco Yunes Zorrilla, reconocido la alta inseguridad que se vive en el municipio de Maltrata; sin embargo, dijo que esto no es lo \u00fanico que se puede ver en la zona, adem\u00e1s de su historia, se debe remarcar el trabajo diario que realizan los ciudadanos. A pesar [&hellip;]<\/p>\n","protected":false},"author":2476,"featured_media":47707,"comment_status":"open","ping_status":"open","sticky":false,"template":"","format":"standard","meta":{"_jetpack_memberships_contains_paid_content":false,"footnotes":""},"categories":[2],"tags":[],"class_list":["post-47706","post","type-post","status-publish","format-standard","has-post-thumbnail","hentry","category-estado"],"jetpack_featured_media_url":"https:\/\/encuentroinformativo.com.mx\/wp-content\/uploads\/2023\/11\/IMG-20231120-WA00252.jpg","jetpack_sharing_enabled":true,"jetpack_likes_enabled":true,"amp_enabled":true,"_links":{"self":[{"href":"https:\/\/encuentroinformativo.com.mx\/index.php?rest_route=\/wp\/v2\/posts\/47706","targetHints":{"allow":["GET"]}}],"collection":[{"href":"https:\/\/encuentroinformativo.com.mx\/index.php?rest_route=\/wp\/v2\/posts"}],"about":[{"href":"https:\/\/encuentroinformativo.com.mx\/index.php?rest_route=\/wp\/v2\/types\/post"}],"author":[{"embeddable":true,"href":"https:\/\/encuentroinformativo.com.mx\/index.php?rest_route=\/wp\/v2\/users\/2476"}],"replies":[{"embeddable":true,"href":"https:\/\/encuentroinformativo.com.mx\/index.php?rest_route=%2Fwp%2Fv2%2Fcomments&post=47706"}],"version-history":[{"count":1,"href":"https:\/\/encuentroinformativo.com.mx\/index.php?rest_route=\/wp\/v2\/posts\/47706\/revisions"}],"predecessor-version":[{"id":47708,"href":"https:\/\/encuentroinformativo.com.mx\/index.php?rest_route=\/wp\/v2\/posts\/47706\/revisions\/47708"}],"wp:featuredmedia":[{"embeddable":true,"href":"https:\/\/encuentroinformativo.com.mx\/index.php?rest_route=\/wp\/v2\/media\/47707"}],"wp:attachment":[{"href":"https:\/\/encuentroinformativo.com.mx\/index.php?rest_route=%2Fwp%2Fv2%2Fmedia&parent=47706"}],"wp:term":[{"taxonomy":"category","embeddable":true,"href":"https:\/\/encuentroinformativo.com.mx\/index.php?rest_route=%2Fwp%2Fv2%2Fcategories&post=47706"},{"taxonomy":"post_tag","embeddable":true,"href":"https:\/\/encuentroinformativo.com.mx\/index.php?rest_route=%2Fwp%2Fv2%2Ftags&post=47706"}],"curies":[{"name":"wp","href":"https:\/\/api.w.org\/{rel}","templated":true}]}}