{"id":47709,"date":"2023-11-20T12:14:07","date_gmt":"2023-11-20T18:14:07","guid":{"rendered":"https:\/\/encuentroinformativo.com.mx\/?p=47709"},"modified":"2023-11-20T12:14:08","modified_gmt":"2023-11-20T18:14:08","slug":"operativo-de-medellin-no-fue-por-autos-robados-ssp","status":"publish","type":"post","link":"https:\/\/encuentroinformativo.com.mx\/?p=47709","title":{"rendered":"Operativo de Medell\u00edn no fue por autos robados: SSP"},"content":{"rendered":"\n<p><strong>Dar\u00edo Pale<\/strong><\/p>\n\n\n\n<p>Xalapa, Ver.- Enfrentamiento en Medell\u00edn no fue por autos robados, y el operativo por Buen Fin en calma, s\u00f3lo dos menores se extraviaron en una plaza y se devolvieron a sus padres, y los alcohol\u00edmetros dan buenos resultados, afirm\u00f3 el secretario de Seguridad P\u00fablica del Estado, Cuauht\u00e9moc Z\u00fa\u00f1iga Bonilla.<\/p>\n\n\n\n<p>Entrevistado previo al desfile, coment\u00f3 que tras el enfrentamiento registrado en la carretera Paso del Toro-Medell\u00edn, el pasado 16 de noviembre, rechaz\u00f3 que este haya ocurrido porque los elementos detectaran carros robados.<\/p>\n\n\n\n<p>Y es que hay que recordar que presuntamente por detectar las unidades de robo intentaron intervenirlas y se registr\u00f3 el enfrentamiento.<\/p>\n\n\n\n<p>&#8220;Eran tres veh\u00edculos al parecer de delincuencia que agredieron a compa\u00f1eros de una patrulla que se dedican al tema de veh\u00edculos con reporte de robo&#8221;, se\u00f1al\u00f3.<\/p>\n\n\n\n<p>&#8220;En ese sentido, repelieron la agresi\u00f3n y no hubo lesionados. Se aseguraron tres veh\u00edculos, chalecos bal\u00edsticos. No, ninguno ten\u00eda reporte de robo, lo que s\u00ed es que no estaban en el Registro Vehicular, es lo que se est\u00e1 investigando&#8221;, agreg\u00f3.<\/p>\n\n\n\n<p>En otro tema, sostuvo que se ha logrado una disminuci\u00f3n del 18 por ciento de accidentes en calles y carreteras de todo el Estado, as\u00ed como de como de personas fallecidas, gracias a los operativos de alcoholimetr\u00eda.<\/p>\n\n\n\n<p>Neg\u00f3 que en esta capital hayan dejado de implementarse los operativos del alcohol\u00edmetro en Xalapa, explic\u00f3 que el operativo es itinerante y, por lo tanto, se mueve de un lugar a otro.<\/p>\n\n\n\n<p>&#8220;S\u00ed, s\u00ed se ha implementado. Se ha logrado una disminuci\u00f3n tanto de accidentes vehiculares como de personas fallecidas derivadas de accidentes. No traigo el dato claro, pero creo que en un 18 por ciento han disminuido los fallecidos por accidentes de tr\u00e1nsito&#8221;, coment\u00f3.<\/p>\n\n\n\n<p>Por otra parte, respecto del operativo de El Buen Fin, asegur\u00f3 que no ha habido robos, ni ning\u00fan otro incidente, salvo dos menores que se extraviaron de sus pap\u00e1s en una plaza en Xalapa, pero fueron devueltos.<\/p>\n\n\n\n<p>En el caso de Poza Rica, neg\u00f3 que haya habido m\u00e1s cr\u00edmenes o secuestros, lo ocurrido este fin de semana fue m\u00e1s bien por una ri\u00f1a entre dos personas.<\/p>\n\n\n\n<p>Ah\u00ed, una persona result\u00f3 gravemente lesionada y posteriormente perdi\u00f3 la vida.<\/p>\n\n\n\n<p>Finalmente se\u00f1al\u00f3 que, &#8220;seguimos de manera coordinada implementando estos operativos con Sedena y Guardia Nacional, sigue el mismo n\u00famero, no se han retirado&#8221;.<\/p>\n","protected":false},"excerpt":{"rendered":"<p>Dar\u00edo Pale Xalapa, Ver.- Enfrentamiento en Medell\u00edn no fue por autos robados, y el operativo por Buen Fin en calma, s\u00f3lo dos menores se extraviaron en una plaza y se devolvieron a sus padres, y los alcohol\u00edmetros dan buenos resultados, afirm\u00f3 el secretario de Seguridad P\u00fablica del Estado, Cuauht\u00e9moc Z\u00fa\u00f1iga Bonilla. Entrevistado previo al desfile, [&hellip;]<\/p>\n","protected":false},"author":2476,"featured_media":47710,"comment_status":"open","ping_status":"open","sticky":false,"template":"","format":"standard","meta":{"_jetpack_memberships_contains_paid_content":false,"footnotes":""},"categories":[2],"tags":[],"class_list":["post-47709","post","type-post","status-publish","format-standard","has-post-thumbnail","hentry","category-estado"],"jetpack_featured_media_url":"https:\/\/encuentroinformativo.com.mx\/wp-content\/uploads\/2023\/11\/IMG-20231120-WA00232.jpg","jetpack_sharing_enabled":true,"jetpack_likes_enabled":true,"amp_enabled":true,"_links":{"self":[{"href":"https:\/\/encuentroinformativo.com.mx\/index.php?rest_route=\/wp\/v2\/posts\/47709","targetHints":{"allow":["GET"]}}],"collection":[{"href":"https:\/\/encuentroinformativo.com.mx\/index.php?rest_route=\/wp\/v2\/posts"}],"about":[{"href":"https:\/\/encuentroinformativo.com.mx\/index.php?rest_route=\/wp\/v2\/types\/post"}],"author":[{"embeddable":true,"href":"https:\/\/encuentroinformativo.com.mx\/index.php?rest_route=\/wp\/v2\/users\/2476"}],"replies":[{"embeddable":true,"href":"https:\/\/encuentroinformativo.com.mx\/index.php?rest_route=%2Fwp%2Fv2%2Fcomments&post=47709"}],"version-history":[{"count":1,"href":"https:\/\/encuentroinformativo.com.mx\/index.php?rest_route=\/wp\/v2\/posts\/47709\/revisions"}],"predecessor-version":[{"id":47711,"href":"https:\/\/encuentroinformativo.com.mx\/index.php?rest_route=\/wp\/v2\/posts\/47709\/revisions\/47711"}],"wp:featuredmedia":[{"embeddable":true,"href":"https:\/\/encuentroinformativo.com.mx\/index.php?rest_route=\/wp\/v2\/media\/47710"}],"wp:attachment":[{"href":"https:\/\/encuentroinformativo.com.mx\/index.php?rest_route=%2Fwp%2Fv2%2Fmedia&parent=47709"}],"wp:term":[{"taxonomy":"category","embeddable":true,"href":"https:\/\/encuentroinformativo.com.mx\/index.php?rest_route=%2Fwp%2Fv2%2Fcategories&post=47709"},{"taxonomy":"post_tag","embeddable":true,"href":"https:\/\/encuentroinformativo.com.mx\/index.php?rest_route=%2Fwp%2Fv2%2Ftags&post=47709"}],"curies":[{"name":"wp","href":"https:\/\/api.w.org\/{rel}","templated":true}]}}