{"id":47712,"date":"2023-11-20T13:02:39","date_gmt":"2023-11-20T19:02:39","guid":{"rendered":"https:\/\/encuentroinformativo.com.mx\/?p=47712"},"modified":"2023-11-20T13:02:41","modified_gmt":"2023-11-20T19:02:41","slug":"con-poca-afluencia-de-espectadores-se-realizo-desfile-por-la-revolucion-mexicana","status":"publish","type":"post","link":"https:\/\/encuentroinformativo.com.mx\/?p=47712","title":{"rendered":"Con poca afluencia de espectadores, se realiz\u00f3 desfile por la Revoluci\u00f3n Mexicana"},"content":{"rendered":"\n<p><strong>Juan Arcos <\/strong><\/p>\n\n\n\n<p>Xalapa, Ver.- Un total de 26 contingentes desfilaron en la ciudad de Xalapa en el marco del 113 aniversario de la Revoluci\u00f3n Mexicana, donde fue poca la afluencia de espectadores.<\/p>\n\n\n\n<p>El espect\u00e1culo inici\u00f3 a las nueve de la ma\u00f1ana y dur\u00f3 poco m\u00e1s de una hora en el centro hist\u00f3rico de la capital del estado de Veracruz, donde la participaci\u00f3n de helic\u00f3pteros de la Fuerza Civil con la Bandera Mexicana llam\u00f3 la atenci\u00f3n del p\u00fablico.<\/p>\n\n\n\n<p>El desfile conmemorativo fue encabezado por el gobernador del estado, Cuitl\u00e1huac Garc\u00eda Jim\u00e9nez, quien estuvo acompa\u00f1ado de los integrantes de su gabinete estatal.<\/p>\n\n\n\n<p>Los elementos de la Direcci\u00f3n General de Tr\u00e1nsito y Seguridad Vial (Dgtsv) y de la Secretar\u00eda de la Defensa Nacional (Sedena) iniciaron el recorrido.<br>Se observaron pocas personas bajos de Palacio Municipal, Palacio de Gobierno y Plaza Sebasti\u00e1n Lerdo de Tejada, a pesar de que el desfile se llev\u00f3 a cabo en un d\u00eda inh\u00e1bil.<\/p>\n\n\n\n<p>Los contingentes avanzaron sobre la avenida Manuel \u00c1vila Camacho y concluyeron sus participaci\u00f3n en el parque Miguel Hidalgo y Costilla, mejor conocido como \u201cLos Berros\u201d.<\/p>\n\n\n\n<p>Tambi\u00e9n desfilaron ocho secundarias y dos telesecundarias, como la Secundaria T\u00e9cnica Industrial n\u00famero 3 y la Telesecundaria Ricardo Flores Mag\u00f3n.<\/p>\n\n\n\n<p>Tambi\u00e9n participaron la Secundaria General n\u00famero 5 Manuel R. Guti\u00e9rrez y la Secundaria General n\u00famero 2 Julio Z\u00e1rate, por mencionar algunas.<\/p>\n\n\n\n<p>Se sumaron cinco cinco preparatorias, cinco universidades (nivel superior) y despu\u00e9s el personal despu\u00e9s las oficinas pertenecientes a la Secretar\u00eda de Educaci\u00f3n de Veracruz (SEV), como la Direcci\u00f3n General de Telebachillerato y Oficinas Centrales de Bachillerato.<\/p>\n\n\n\n<p>Tambi\u00e9n hicieron acrobacias los integrantes del Pentatl\u00f3n Deportivo Militarizado Universitario de Am\u00e9rica, as\u00ed como el personal de la Secretar\u00eda de Seguridad P\u00fablica (SSP) y los charros de Xalapa y Limpia P\u00fablica.<\/p>\n\n\n\n<p>El gobierno del estado confirm\u00f3 que en el desfile participaron m\u00e1s de 3 mil personas y que se realiz\u00f3 sin incidentes.<\/p>\n\n\n\n<figure class=\"wp-block-image size-large\"><img loading=\"lazy\" decoding=\"async\" width=\"1024\" height=\"461\" src=\"https:\/\/encuentroinformativo.com.mx\/wp-content\/uploads\/2023\/11\/51dbcaff-99b6-4721-b1e9-cf25ac5c2ce1-1024x461.jpg\" alt=\"\" class=\"wp-image-47714\" srcset=\"https:\/\/encuentroinformativo.com.mx\/wp-content\/uploads\/2023\/11\/51dbcaff-99b6-4721-b1e9-cf25ac5c2ce1-1024x461.jpg 1024w, https:\/\/encuentroinformativo.com.mx\/wp-content\/uploads\/2023\/11\/51dbcaff-99b6-4721-b1e9-cf25ac5c2ce1-300x135.jpg 300w, https:\/\/encuentroinformativo.com.mx\/wp-content\/uploads\/2023\/11\/51dbcaff-99b6-4721-b1e9-cf25ac5c2ce1-768x346.jpg 768w, https:\/\/encuentroinformativo.com.mx\/wp-content\/uploads\/2023\/11\/51dbcaff-99b6-4721-b1e9-cf25ac5c2ce1-1536x692.jpg 1536w, https:\/\/encuentroinformativo.com.mx\/wp-content\/uploads\/2023\/11\/51dbcaff-99b6-4721-b1e9-cf25ac5c2ce1.jpg 1600w\" sizes=\"auto, (max-width: 1024px) 100vw, 1024px\" \/><\/figure>\n","protected":false},"excerpt":{"rendered":"<p>Juan Arcos Xalapa, Ver.- Un total de 26 contingentes desfilaron en la ciudad de Xalapa en el marco del 113 aniversario de la Revoluci\u00f3n Mexicana, donde fue poca la afluencia de espectadores. El espect\u00e1culo inici\u00f3 a las nueve de la ma\u00f1ana y dur\u00f3 poco m\u00e1s de una hora en el centro hist\u00f3rico de la capital [&hellip;]<\/p>\n","protected":false},"author":2476,"featured_media":47713,"comment_status":"open","ping_status":"open","sticky":false,"template":"","format":"standard","meta":{"_jetpack_memberships_contains_paid_content":false,"footnotes":""},"categories":[2],"tags":[],"class_list":["post-47712","post","type-post","status-publish","format-standard","has-post-thumbnail","hentry","category-estado"],"jetpack_featured_media_url":"https:\/\/encuentroinformativo.com.mx\/wp-content\/uploads\/2023\/11\/IMG_1577.jpg","jetpack_sharing_enabled":true,"jetpack_likes_enabled":true,"amp_enabled":true,"_links":{"self":[{"href":"https:\/\/encuentroinformativo.com.mx\/index.php?rest_route=\/wp\/v2\/posts\/47712","targetHints":{"allow":["GET"]}}],"collection":[{"href":"https:\/\/encuentroinformativo.com.mx\/index.php?rest_route=\/wp\/v2\/posts"}],"about":[{"href":"https:\/\/encuentroinformativo.com.mx\/index.php?rest_route=\/wp\/v2\/types\/post"}],"author":[{"embeddable":true,"href":"https:\/\/encuentroinformativo.com.mx\/index.php?rest_route=\/wp\/v2\/users\/2476"}],"replies":[{"embeddable":true,"href":"https:\/\/encuentroinformativo.com.mx\/index.php?rest_route=%2Fwp%2Fv2%2Fcomments&post=47712"}],"version-history":[{"count":1,"href":"https:\/\/encuentroinformativo.com.mx\/index.php?rest_route=\/wp\/v2\/posts\/47712\/revisions"}],"predecessor-version":[{"id":47715,"href":"https:\/\/encuentroinformativo.com.mx\/index.php?rest_route=\/wp\/v2\/posts\/47712\/revisions\/47715"}],"wp:featuredmedia":[{"embeddable":true,"href":"https:\/\/encuentroinformativo.com.mx\/index.php?rest_route=\/wp\/v2\/media\/47713"}],"wp:attachment":[{"href":"https:\/\/encuentroinformativo.com.mx\/index.php?rest_route=%2Fwp%2Fv2%2Fmedia&parent=47712"}],"wp:term":[{"taxonomy":"category","embeddable":true,"href":"https:\/\/encuentroinformativo.com.mx\/index.php?rest_route=%2Fwp%2Fv2%2Fcategories&post=47712"},{"taxonomy":"post_tag","embeddable":true,"href":"https:\/\/encuentroinformativo.com.mx\/index.php?rest_route=%2Fwp%2Fv2%2Ftags&post=47712"}],"curies":[{"name":"wp","href":"https:\/\/api.w.org\/{rel}","templated":true}]}}