{"id":47716,"date":"2023-11-20T13:35:14","date_gmt":"2023-11-20T19:35:14","guid":{"rendered":"https:\/\/encuentroinformativo.com.mx\/?p=47716"},"modified":"2023-11-20T13:35:15","modified_gmt":"2023-11-20T19:35:15","slug":"se-mantiene-alerta-pc-por-frente-frio-11","status":"publish","type":"post","link":"https:\/\/encuentroinformativo.com.mx\/?p=47716","title":{"rendered":"Se mantiene alerta PC por frente fr\u00edo 11"},"content":{"rendered":"\n<p><strong>Dar\u00edo Pale <\/strong><\/p>\n\n\n\n<p>Xalapa, Ver.- La Secretar\u00eda de Protecci\u00f3n Civil (SPC), del estado pidi\u00f3 no confiarse, los efectos del Frente Fr\u00edo (FF) 11 se sentir\u00e1n en todo el Estado, las lluvias m\u00e1s puntuales en Los Tuxtlas y sur del Estado as\u00ed lo indic\u00f3 la titular de dicha dependencia Guadalupe Osorno Maldonado.<\/p>\n\n\n\n<p>Entrevistada previo al desfile conmemorativo del 113 aniversario de la Revoluci\u00f3n Mexicana, exhort\u00f3 a la poblaci\u00f3n a estar atenta a las recomendaciones de la dependencia, ya que se estima que en la zona costera central los fuertes vientos alcanzar\u00e1n rachas de hasta 105 kil\u00f3metros por hora y lluvias de hasta 150 mil\u00edmetros en Los Tuxtlas, derivado del frente fr\u00edo n\u00famero 11.<\/p>\n\n\n\n<p>&#8220;Vamos a tener efectos a lo largo del Estado, sin embargo, los puntos de mayor lluvia y de mayor viento, son los tradicionales como costa central y zona conurbada, desde Laguna Verde hasta Ant\u00f3n Lizardo y tambi\u00e9n las lluvias en la zona sur&#8221;, coment\u00f3.<\/p>\n\n\n\n<p>Record\u00f3 que por ello se emiti\u00f3 una alerta gris, para que los 212 municipios de la Entidad estuvieran pendientes, adem\u00e1s no descart\u00f3 que las afectaciones se puedan registrar a lo largo del territorio veracruzano.<\/p>\n\n\n\n<p>&#8220;Vamos a tener los efectos a partir de ma\u00f1ana. Hoy tenemos surada, ma\u00f1ana el norte, rachas de hasta 105 kil\u00f3metros por hora en la costa central y de 70 aqu\u00ed en la zona monta\u00f1osa central y lluvias de hasta 150 mil\u00edmetros en Los Tuxtlas y sur del Estado&#8221;, se\u00f1al\u00f3.<\/p>\n\n\n\n<p>La funcionaria aclar\u00f3 que hasta el momento no se registra ninguna afectaci\u00f3n, pero a partir de ma\u00f1ana se comenzar\u00e1n a sentir los efectos del frente fr\u00edo n\u00famero 11.<\/p>\n\n\n\n<p>Finalmente dio a conocer que, &#8220;la lluvia no es del todo malas noticias, este a\u00f1o es el m\u00e1s seco desde que se tiene registro, entonces estas lluvias ayudan a ir paliando&#8221;.<\/p>\n","protected":false},"excerpt":{"rendered":"<p>Dar\u00edo Pale Xalapa, Ver.- La Secretar\u00eda de Protecci\u00f3n Civil (SPC), del estado pidi\u00f3 no confiarse, los efectos del Frente Fr\u00edo (FF) 11 se sentir\u00e1n en todo el Estado, las lluvias m\u00e1s puntuales en Los Tuxtlas y sur del Estado as\u00ed lo indic\u00f3 la titular de dicha dependencia Guadalupe Osorno Maldonado. Entrevistada previo al desfile conmemorativo [&hellip;]<\/p>\n","protected":false},"author":2476,"featured_media":47717,"comment_status":"open","ping_status":"open","sticky":false,"template":"","format":"standard","meta":{"_jetpack_memberships_contains_paid_content":false,"footnotes":""},"categories":[2],"tags":[],"class_list":["post-47716","post","type-post","status-publish","format-standard","has-post-thumbnail","hentry","category-estado"],"jetpack_featured_media_url":"https:\/\/encuentroinformativo.com.mx\/wp-content\/uploads\/2023\/11\/IMG-20231120-WA00322.jpg","jetpack_sharing_enabled":true,"jetpack_likes_enabled":true,"amp_enabled":true,"_links":{"self":[{"href":"https:\/\/encuentroinformativo.com.mx\/index.php?rest_route=\/wp\/v2\/posts\/47716","targetHints":{"allow":["GET"]}}],"collection":[{"href":"https:\/\/encuentroinformativo.com.mx\/index.php?rest_route=\/wp\/v2\/posts"}],"about":[{"href":"https:\/\/encuentroinformativo.com.mx\/index.php?rest_route=\/wp\/v2\/types\/post"}],"author":[{"embeddable":true,"href":"https:\/\/encuentroinformativo.com.mx\/index.php?rest_route=\/wp\/v2\/users\/2476"}],"replies":[{"embeddable":true,"href":"https:\/\/encuentroinformativo.com.mx\/index.php?rest_route=%2Fwp%2Fv2%2Fcomments&post=47716"}],"version-history":[{"count":1,"href":"https:\/\/encuentroinformativo.com.mx\/index.php?rest_route=\/wp\/v2\/posts\/47716\/revisions"}],"predecessor-version":[{"id":47718,"href":"https:\/\/encuentroinformativo.com.mx\/index.php?rest_route=\/wp\/v2\/posts\/47716\/revisions\/47718"}],"wp:featuredmedia":[{"embeddable":true,"href":"https:\/\/encuentroinformativo.com.mx\/index.php?rest_route=\/wp\/v2\/media\/47717"}],"wp:attachment":[{"href":"https:\/\/encuentroinformativo.com.mx\/index.php?rest_route=%2Fwp%2Fv2%2Fmedia&parent=47716"}],"wp:term":[{"taxonomy":"category","embeddable":true,"href":"https:\/\/encuentroinformativo.com.mx\/index.php?rest_route=%2Fwp%2Fv2%2Fcategories&post=47716"},{"taxonomy":"post_tag","embeddable":true,"href":"https:\/\/encuentroinformativo.com.mx\/index.php?rest_route=%2Fwp%2Fv2%2Ftags&post=47716"}],"curies":[{"name":"wp","href":"https:\/\/api.w.org\/{rel}","templated":true}]}}