{"id":47719,"date":"2023-11-20T13:49:33","date_gmt":"2023-11-20T19:49:33","guid":{"rendered":"https:\/\/encuentroinformativo.com.mx\/?p=47719"},"modified":"2023-11-20T13:49:34","modified_gmt":"2023-11-20T19:49:34","slug":"protestan-docentes-durante-desfile-demandan-revalorizacion-salarial","status":"publish","type":"post","link":"https:\/\/encuentroinformativo.com.mx\/?p=47719","title":{"rendered":"Protestan docentes durante desfile, demandan revalorizaci\u00f3n salarial"},"content":{"rendered":"\n<p><strong>Juan Arcos <\/strong><\/p>\n\n\n\n<p>Xalapa, Ver.- Docentes protestaron durante el desfile conmemorativo por el 113 Aniversario de la Revoluci\u00f3n Mexicana en el centro de la ciudad de Xalapa, para exigir la revalorizaci\u00f3n salarial.<\/p>\n\n\n\n<p>Frente al templete donde se encontraba el gobernador Cuitl\u00e1huac Garc\u00eda Jim\u00e9nez, recordaron que hubo un aumento de salarios para el Personal de Apoyo Educativo (PAE), percibiendo ahora 16 mil pesos mensuales; sin embargo, los docentes frente a grupo no han accedido a dicho beneficio.<\/p>\n\n\n\n<p>Uno de los manifestantes, quien solicit\u00f3 el anonimato, denunci\u00f3 que en los alrededores de la ciudad de Xalapa fueron retenidos autobuses por agentes de Tr\u00e1nsito y Transporte, para evitar que m\u00e1s profesores protestaran durante el desfile.<\/p>\n\n\n\n<p>El entrevistado coment\u00f3 que el personal de apoyo percibe 16 mil pesos mensuales, mientras que los profesores reciben entre 9 mil y hasta 12 mil pesos.<\/p>\n\n\n\n<p>Cabe recordar que el pasado 15 de noviembre, los trabajadores de los niveles preescolar, b\u00e1sico y medio superior se plantaron sobre Plaza Sebasti\u00e1n Lerdo de Tejada, a un costado de la Catedral Metropolitana, y se sumaron a las manifestaciones a nivel nacional para reclamar la nivelaci\u00f3n salarial.<\/p>\n\n\n\n<p>Ellos lamentaron que el aumento a sus salarios sea de 40 pesos a la quincena, lo que consideraron irrisorio, pues los costos de los productos de la canasta b\u00e1sica se incrementaron.<\/p>\n","protected":false},"excerpt":{"rendered":"<p>Juan Arcos Xalapa, Ver.- Docentes protestaron durante el desfile conmemorativo por el 113 Aniversario de la Revoluci\u00f3n Mexicana en el centro de la ciudad de Xalapa, para exigir la revalorizaci\u00f3n salarial. Frente al templete donde se encontraba el gobernador Cuitl\u00e1huac Garc\u00eda Jim\u00e9nez, recordaron que hubo un aumento de salarios para el Personal de Apoyo Educativo [&hellip;]<\/p>\n","protected":false},"author":2476,"featured_media":47720,"comment_status":"open","ping_status":"open","sticky":false,"template":"","format":"standard","meta":{"_jetpack_memberships_contains_paid_content":false,"footnotes":""},"categories":[3],"tags":[],"class_list":["post-47719","post","type-post","status-publish","format-standard","has-post-thumbnail","hentry","category-xalapa"],"jetpack_featured_media_url":"https:\/\/encuentroinformativo.com.mx\/wp-content\/uploads\/2023\/11\/f2d54d84-5acc-4fa2-8f52-d86373136c35.jpg","jetpack_sharing_enabled":true,"jetpack_likes_enabled":true,"amp_enabled":true,"_links":{"self":[{"href":"https:\/\/encuentroinformativo.com.mx\/index.php?rest_route=\/wp\/v2\/posts\/47719","targetHints":{"allow":["GET"]}}],"collection":[{"href":"https:\/\/encuentroinformativo.com.mx\/index.php?rest_route=\/wp\/v2\/posts"}],"about":[{"href":"https:\/\/encuentroinformativo.com.mx\/index.php?rest_route=\/wp\/v2\/types\/post"}],"author":[{"embeddable":true,"href":"https:\/\/encuentroinformativo.com.mx\/index.php?rest_route=\/wp\/v2\/users\/2476"}],"replies":[{"embeddable":true,"href":"https:\/\/encuentroinformativo.com.mx\/index.php?rest_route=%2Fwp%2Fv2%2Fcomments&post=47719"}],"version-history":[{"count":1,"href":"https:\/\/encuentroinformativo.com.mx\/index.php?rest_route=\/wp\/v2\/posts\/47719\/revisions"}],"predecessor-version":[{"id":47721,"href":"https:\/\/encuentroinformativo.com.mx\/index.php?rest_route=\/wp\/v2\/posts\/47719\/revisions\/47721"}],"wp:featuredmedia":[{"embeddable":true,"href":"https:\/\/encuentroinformativo.com.mx\/index.php?rest_route=\/wp\/v2\/media\/47720"}],"wp:attachment":[{"href":"https:\/\/encuentroinformativo.com.mx\/index.php?rest_route=%2Fwp%2Fv2%2Fmedia&parent=47719"}],"wp:term":[{"taxonomy":"category","embeddable":true,"href":"https:\/\/encuentroinformativo.com.mx\/index.php?rest_route=%2Fwp%2Fv2%2Fcategories&post=47719"},{"taxonomy":"post_tag","embeddable":true,"href":"https:\/\/encuentroinformativo.com.mx\/index.php?rest_route=%2Fwp%2Fv2%2Ftags&post=47719"}],"curies":[{"name":"wp","href":"https:\/\/api.w.org\/{rel}","templated":true}]}}