{"id":4772,"date":"2020-08-10T07:11:32","date_gmt":"2020-08-10T12:11:32","guid":{"rendered":"https:\/\/encuentroinformativo.com\/?p=4772"},"modified":"2020-08-10T01:27:51","modified_gmt":"2020-08-10T06:27:51","slug":"alcalde-de-alamo-cromador-de-los-yunes-con-narcopolicias","status":"publish","type":"post","link":"https:\/\/encuentroinformativo.com.mx\/?p=4772","title":{"rendered":"ALCALDE DE \u00c1LAMO, CROMADOR DE LOS YUNES, CON NARCOPOLIC\u00cdAS"},"content":{"rendered":"\n<p><strong>+ Requiem por Vicky Rasgado.\u00a0<br>+ Lamentable muerte de empleada federal.<br>+ &#8220;Visten&#8221; al &#8220;Flechador&#8221; de Mina.<br><br><em>El gremio period\u00edstico de Veracruz, de luto.<br>&#8211;Chopenjawer<\/em><\/strong><br>En enero de 2018, los dimes y diretes entre el entonces gobernador Miguel \u00c1ngel Yunes Linares y el aspirante presidencial Andr\u00e9s Manuel L\u00f3pez Obrador, llegaron a un cenit cuando el primero ret\u00f3 a un debate p\u00fablico al tabasque\u00f1o que primero ser\u00eda en Xalapa y luego se cambi\u00f3 para \u00c1lamo.<\/p>\n\n\n\n<p>&#8220;A ver L\u00f3pez Obrador, dices que no puedes debatir&nbsp;<a href=\"outlook-data-detector:\/\/0\">el domingo a las cinco de la tarde<\/a>&nbsp;en la Plaza Lerdo, en Xalapa, porque dices que vas a estar en Chihuahua. Te la voy a poner sencilla, vamos a debatir&nbsp;<a href=\"outlook-data-detector:\/\/2\">el viernes a la una de la tarde<\/a>&nbsp;en \u00c1lamo, porque vamos a coincidir&#8221;, dec\u00eda Yunes en un video.<\/p>\n\n\n\n<p>&#8220;Yunes estaba decidido a que este fin de semana el tema no fuera otro m\u00e1s que revelar c\u00f3mo Javier Duarte presuntamente financi\u00f3 a Morena. Un escenario que ha anunciado desde antes de tomar posesi\u00f3n como gobernador, pero que hasta ahora no ha comprobado, esperando el momento pol\u00edtico id\u00f3neo. La plaza de \u00c1lamo Temapache ya no recibi\u00f3 al mandatario que asegura tener pruebas contra L\u00f3pez Obrador. Todo se redujo a una tarde habitual con los globeros, esquiteros y los vendedores de elotes asados con mantequilla y queso alrededor del parque&#8221;, dice una cr\u00f3nica del periodista Jair \u00c1valos, quien estuvo presente ese d\u00eda en el lugar donde se supone que habr\u00eda el encuentro.<\/p>\n\n\n\n<p>\u00c1lamo es un municipio naranjero al norte de la entidad. Su atractivo principal es un gigantesco monumento dedicado al colotero (cortador de naranja). Actualmente es gobernado por el panista Jorge Vera Hern\u00e1ndez, un personaje muy cercano al exgobernador panista.<\/p>\n\n\n\n<p>Durante la pasada campa\u00f1a a la gubernatura, el mismo alcalde se desviv\u00eda en loas y alabanzas al candidato del PAN\/PRD e hijo del gobernador, Miguel \u00c1ngel Yunes M\u00e1rquez, hablando de &#8211;no se r\u00eda, por favor&#8211; una &#8220;hermandad&#8221; entre Boca del R\u00edo y \u00c1lamo; que era un joven din\u00e1mico que dio progreso al municipio boque\u00f1o y otras lindezas verbales&#8230; Lo que literalmente se conoce en el argot \u00f1ero como &#8220;una buena cromada&#8221;.<\/p>\n\n\n\n<p>Es tan fan del exmandatario, que el 18 de noviembre de 2018, el entonces gobernador Miguel \u00c1ngel Yunes Linares inauguraba el puente &#8220;Ojite&#8221;, pero el presidente municipal Vera Hern\u00e1ndez tuvo la idea de colocar una placa donde se bautizaba a dicho puente como &#8220;Miguel \u00c1ngel Yunes Linares&#8221;, en honor a su admirado gobernador saliente, quien ese entonces ya andaba despidi\u00e9ndose porque hab\u00eda perdido las elecciones estatales y su cachorro &#8220;Miguel Chiquito&#8221; no llegar\u00eda a la gubernatura.<\/p>\n\n\n\n<p>Hasta el mismo gobernador se sorprendi\u00f3 cuando vio la placa con su nombre, lo que hace pensar que ni \u00e9l mismo estaba enterado de la &#8220;ideota&#8221; del alcalde.&nbsp;<\/p>\n\n\n\n<p>El edil luego se justificar\u00eda diciendo que la decisi\u00f3n de distinguir al puente con el nombre del mandatario saliente, hab\u00eda sido por acuerdo un\u00e1nime del Cabildo, pero era mentira porque ni siquiera fueron consultados los regidores y fue s\u00f3lo un acto de servilismo personal de Vera Hern\u00e1ndez para quedar bien con Yunes.<\/p>\n\n\n\n<p>Semanas despu\u00e9s, entrando la 4T a Veracruz, la placa desapareci\u00f3 y seg\u00fan dicen, se la llev\u00f3 el Ayuntamiento de \u00c1lamo sin explicar la raz\u00f3n.<\/p>\n\n\n\n<p>Este fin de semana se supo que el alcalde Jorge Vera, uno de los activos m\u00e1s fuertes del PAN en el norte de la entidad, acaba de ser embarrado en calabaza por permitir que elementos de la Polic\u00eda Municipal de \u00c1lamo fueran parte de la delincuencia organizada.<\/p>\n\n\n\n<p><a href=\"outlook-data-detector:\/\/4\">Este viernes-s\u00e1bado<\/a>, elementos del Ej\u00e9rcito, Marina y Guardia Nacional, junto a polic\u00edas estatales de la Secretar\u00eda de Seguridad P\u00fablica, realizaron un operativo en una de las zonas m\u00e1s peligrosas del norte del estado: un corredor donde se ve a distancia a los &#8220;halcones&#8221; en motocicletas o en veh\u00edculos &#8220;tuneados&#8221;, que vigilan la zona.<\/p>\n\n\n\n<p>Pues por la madrugada, y por sorpresa, fueron detenidos el director de la Polic\u00eda Municipal de \u00c1lamo, Guillermo &#8220;N&#8221;, junto otros seis elementos m\u00e1s, quienes abandonaron sus patrullas en poblados como Potrero del Llano, Tihuatl\u00e1n, Chapopote N\u00fa\u00f1ez y El \u00cddolo, pertenecientes a este municipio.<\/p>\n\n\n\n<p>Los detenidos, adem\u00e1s del jefe policiaco, son Daniel Antonio &#8220;N&#8221;, Mart\u00edn &#8220;N&#8221;, Filiberto Alejandro &#8220;N&#8221;, Pedro &#8220;N&#8221;, Jos\u00e9 Israel &#8220;N&#8221; y Francisco Javier &#8220;N&#8221;, por presunto tr\u00e1fico de drogas y portaci\u00f3n de armas de uso exclusivo del Ej\u00e9rcito. Varios polic\u00edas municipales de plano huyeron y est\u00e1n desaparecidos.<\/p>\n\n\n\n<p>Ha trascendido que el propio Guillermo &#8220;N&#8221; habr\u00eda reconocido que trabaja para el &#8220;El Guty&#8221; o &#8220;Comandante Jaguar&#8221;, jefe de plaza, en la regi\u00f3n norte de Veracruz, de un grupo que opera en la regi\u00f3n huasteca, y que son considerados como los principales responsables de delitos de alto impacto en los \u00faltimos meses.<\/p>\n\n\n\n<p>Vera Hern\u00e1ndez tard\u00f3 en reaccionar, pero lo hizo el s\u00e1bado en redes sociales: lo que subi\u00f3 primero fue un video donde visiblemente nervioso agradeci\u00f3 al &#8220;licenciado&#8221; Cuitl\u00e1huac Garc\u00eda Jim\u00e9nez, al &#8220;secretario de Gobierno&#8221; Hugo Guti\u00e9rrez Maldonado (es secre de Seguridad P\u00fablica, wee) por todo el apoyo y se avent\u00f3 un chorote de una obra de acceso al municipio.<\/p>\n\n\n\n<p>Luego subir\u00eda este domingo otro video donde era de esperarse que dijera que \u00e9l colabor\u00f3 para la detenci\u00f3n de los polic\u00edas&#8230; \u00bfEntonces conoc\u00eda de las fechor\u00edas de su director de Seguridad P\u00fablica y hasta hoy decidi\u00f3 colaborar? O sea, si no llegaba al poder un partido diferente al suyo \u00bfseguir\u00eda tolerando el alcalde la misma situaci\u00f3n de inseguridad en \u00c1lamo con un jefe policiaco metido a delincuente?<\/p>\n\n\n\n<p>Ahora resulta que no s\u00f3lo es &#8220;cromador&#8221; de los Yunes, sino que ahora est\u00e1 preocupado por lo que pasa desde hace a\u00f1os en \u00c1lamo y la regi\u00f3n.<\/p>\n\n\n\n<p>La diferencia, m\u00e1s all\u00e1 de la ret\u00f3rica que se avienta en sus videos del Feis, es que ahora ya no est\u00e1n sus \u00eddolos para protegerlo y respaldarlo; pero si le rascan, a lo mejor en el futuro encuentre a alguien para seguir cromando, ya sea en la 4T o hasta en la c\u00e1rcel, donde seguramente tendr\u00e1 mucho qu\u00e9 cromar.<\/p>\n\n\n\n<p><strong>NOTA PARA PEGAR EN EL REFRI: <\/strong>Para el gremio period\u00edstico veracruzano fue un golpe muy duro la p\u00e9rdida de la amiga y compa\u00f1era Victoria Rasgado P\u00e9rez, quien adem\u00e1s era la presidenta municipal de Moloac\u00e1n, donde destacaba por su labor e iniciaba una prometedora carrera pol\u00edtica. Muy apreciada, muy querida, a Vicky se le va a extra\u00f1ar mucho. Descanse en paz.<\/p>\n\n\n\n<p><strong>OTRA NOTA:<\/strong> Que este domingo, lamentablemente, otra nota roja fue la que estuvo presente en la opini\u00f3n p\u00fablica estatal y puede dar m\u00e1s temas en la semana que inicia: resulta que una mujer identificada como Karen se suicid\u00f3 presuntamente por una fuerte depresi\u00f3n debido a problemas sentimentales y laborales, donde se ver\u00eda involucrada una empleada de la Delegaci\u00f3n del Bienestar, muy cercana al delegado Manuel Huerta Ladr\u00f3n de Guevara. Se comenta que dicha persona, quien habr\u00eda sobajado a la fallecida hace unos d\u00edas atr\u00e1s, se ha empoderado bajo la protecci\u00f3n de dicho pol\u00edtico, d\u00e1ndole facultades que no tienen ni los m\u00e1s altos funcionarios de la 4T&#8230; Bien dice el dicho: &#8220;No ensucies la fuente donde has apagado tu sed&#8221;; o como dicen los gringos: &#8220;Don&#8217;t shit where you eat&#8221;&#8230; Y m\u00e1s con eso de que seg\u00fan va que vuela para gobernador. Seeeee&#8230;<\/p>\n\n\n\n<p><strong>LA \u00daLTIMA PORQUE TAQUITOS DE PICA\u00d1A: <\/strong>Luego del esc\u00e1ndalo y el escarnio que ocasion\u00f3 el mural de Minatitl\u00e1n donde pintaron un raro flechador desnudo en pleno parque municipal, resulta que el Ayuntamiento decidi\u00f3 mandar a llamar otra vez al &#8220;artisto&#8221; para que modificara su obra y le pintara unos detalles &#8220;ind\u00edgenas&#8221; para vestirlo&#8230; Lo que hace ver todav\u00eda m\u00e1s rid\u00edcula la obra, la neta, pero bueno: dicen que el arte es subjetivo. Lo que no explica tampoco el alcalde morenista Nicol\u00e1s Reyes es qu\u00e9 onda con la obra de remodelaci\u00f3n de dicho parque, que deb\u00eda terminarse en marzo &#8211;antes de que se disparara la pandemia&#8211; y que cost\u00f3 m\u00e1s de cuatro millones de pesos.<\/p>\n\n\n\n<p><strong>@pablojair<\/strong><\/p>\n","protected":false},"excerpt":{"rendered":"<p>+ Requiem por Vicky Rasgado.\u00a0+ Lamentable muerte de empleada federal.+ &#8220;Visten&#8221; al &#8220;Flechador&#8221; de Mina. El gremio period\u00edstico de Veracruz, de luto.&#8211;ChopenjawerEn enero de 2018, los dimes y diretes entre el entonces gobernador Miguel \u00c1ngel Yunes Linares y el aspirante presidencial Andr\u00e9s Manuel L\u00f3pez Obrador, llegaron a un cenit cuando el primero ret\u00f3 a un [&hellip;]<\/p>\n","protected":false},"author":1,"featured_media":488,"comment_status":"open","ping_status":"open","sticky":false,"template":"","format":"standard","meta":{"_jetpack_memberships_contains_paid_content":false,"footnotes":""},"categories":[11],"tags":[],"class_list":["post-4772","post","type-post","status-publish","format-standard","has-post-thumbnail","hentry","category-opinion"],"jetpack_featured_media_url":"https:\/\/encuentroinformativo.com.mx\/wp-content\/uploads\/2020\/03\/F471F608-BA1A-416B-BA7B-BCFB24F4E6D0.jpeg","jetpack_sharing_enabled":true,"jetpack_likes_enabled":true,"amp_enabled":true,"_links":{"self":[{"href":"https:\/\/encuentroinformativo.com.mx\/index.php?rest_route=\/wp\/v2\/posts\/4772","targetHints":{"allow":["GET"]}}],"collection":[{"href":"https:\/\/encuentroinformativo.com.mx\/index.php?rest_route=\/wp\/v2\/posts"}],"about":[{"href":"https:\/\/encuentroinformativo.com.mx\/index.php?rest_route=\/wp\/v2\/types\/post"}],"author":[{"embeddable":true,"href":"https:\/\/encuentroinformativo.com.mx\/index.php?rest_route=\/wp\/v2\/users\/1"}],"replies":[{"embeddable":true,"href":"https:\/\/encuentroinformativo.com.mx\/index.php?rest_route=%2Fwp%2Fv2%2Fcomments&post=4772"}],"version-history":[{"count":1,"href":"https:\/\/encuentroinformativo.com.mx\/index.php?rest_route=\/wp\/v2\/posts\/4772\/revisions"}],"predecessor-version":[{"id":4773,"href":"https:\/\/encuentroinformativo.com.mx\/index.php?rest_route=\/wp\/v2\/posts\/4772\/revisions\/4773"}],"wp:featuredmedia":[{"embeddable":true,"href":"https:\/\/encuentroinformativo.com.mx\/index.php?rest_route=\/wp\/v2\/media\/488"}],"wp:attachment":[{"href":"https:\/\/encuentroinformativo.com.mx\/index.php?rest_route=%2Fwp%2Fv2%2Fmedia&parent=4772"}],"wp:term":[{"taxonomy":"category","embeddable":true,"href":"https:\/\/encuentroinformativo.com.mx\/index.php?rest_route=%2Fwp%2Fv2%2Fcategories&post=4772"},{"taxonomy":"post_tag","embeddable":true,"href":"https:\/\/encuentroinformativo.com.mx\/index.php?rest_route=%2Fwp%2Fv2%2Ftags&post=4772"}],"curies":[{"name":"wp","href":"https:\/\/api.w.org\/{rel}","templated":true}]}}