{"id":47722,"date":"2023-11-20T16:06:46","date_gmt":"2023-11-20T22:06:46","guid":{"rendered":"https:\/\/encuentroinformativo.com.mx\/?p=47722"},"modified":"2023-11-20T16:06:46","modified_gmt":"2023-11-20T22:06:46","slug":"sheinbaum-da-espaldarazo-a-rocio-nahle","status":"publish","type":"post","link":"https:\/\/encuentroinformativo.com.mx\/?p=47722","title":{"rendered":"Sheinbaum da &#8220;espaldarazo&#8221; a Roc\u00edo Nahle"},"content":{"rendered":"\n<p> <strong>Alejandro \u00c1vila<\/strong><\/p>\n\n\n\n<p>Boca del R\u00edo, Ver.- Ante una multitudinaria audiencia en el World Trade Center de Boca del R\u00edo, la Coordinadora Nacional de la Defensa de la Cuarta Transformaci\u00f3n, Claudia Sheinbaum Pardo, asegur\u00f3 que Veracruz tendr\u00e1 a su primera gobernadora en la figura de, Roc\u00edo Nahle Garc\u00eda.<\/p>\n\n\n\n<p>Dentro de su gira por la entidad veracruzana, la ex Jefa de Gobierno de la Ciudad de M\u00e9xico, destac\u00f3 que es el tiempo de las mujeres, y que los ciudadanos decidir\u00e1n en 2024 si regresar con el neoliberalismo o continuar con la Cuarta Transformaci\u00f3n que inici\u00f3 el presidente, Andr\u00e9s Manuel L\u00f3pez Obrador.<\/p>\n\n\n\n<p>&#8220;Es tiempo de mujeres transformadoras, es tiempo de mujeres humanistas, \u00bfquieren m\u00e1s cambios en el pa\u00eds?, pues vamos a tener la primera gobernadora en Veracruz, y siempre hemos hecho equipo, aqu\u00ed con la coordinadora vamos a hacer equipo por el bien de Veracruz, se acab\u00f3 el tiempo de &#8216;calladita te ves m\u00e1s bonita, eso ya no&#8217;, ese es el M\u00e9xico del pasado, aqu\u00ed las mujeres podemos ser ingenieras, f\u00edsicas, podemos ser bomberas, podemos ser polic\u00edas, podemos ser m\u00e9dicas, podemos ser socorristas, podemos ser Senadoras, podemos ser gobernadoras y podemos ser presidentes de la rep\u00fablica&#8221;, sentenci\u00f3 Claudia Sheinbaum.<\/p>\n\n\n\n<p>El evento programado para las 11 de la ma\u00f1ana tuvo un retraso debido al colapso de las vialidades alternas.<\/p>\n\n\n\n<p>Durante su discurso de aproximadamente 20 minutos, Claudia Sheinbaum, hizo un repaso de las acciones que los anteriores gobiernos federales ejecutaron en detrimento de los mexicanos; tales como el error de diciembre, el Fobaproa y la guerra contra el narcotr\u00e1fico.<\/p>\n\n\n\n<p>Claudia Sheinbaum continuar\u00e1 su recorrido por Veracruz la tarde de este lunes en el municipio de Medell\u00edn de Bravo; posteriormente sostendr\u00e1 eventos masivos en municipios de la zona de Los Tuxtlas.<\/p>\n","protected":false},"excerpt":{"rendered":"<p>Alejandro \u00c1vila Boca del R\u00edo, Ver.- Ante una multitudinaria audiencia en el World Trade Center de Boca del R\u00edo, la Coordinadora Nacional de la Defensa de la Cuarta Transformaci\u00f3n, Claudia Sheinbaum Pardo, asegur\u00f3 que Veracruz tendr\u00e1 a su primera gobernadora en la figura de, Roc\u00edo Nahle Garc\u00eda. Dentro de su gira por la entidad veracruzana, [&hellip;]<\/p>\n","protected":false},"author":2476,"featured_media":47723,"comment_status":"open","ping_status":"open","sticky":false,"template":"","format":"standard","meta":{"_jetpack_memberships_contains_paid_content":false,"footnotes":""},"categories":[2],"tags":[],"class_list":["post-47722","post","type-post","status-publish","format-standard","has-post-thumbnail","hentry","category-estado"],"jetpack_featured_media_url":"https:\/\/encuentroinformativo.com.mx\/wp-content\/uploads\/2023\/11\/IMG-20231120-WA0120.jpg","jetpack_sharing_enabled":true,"jetpack_likes_enabled":true,"amp_enabled":true,"_links":{"self":[{"href":"https:\/\/encuentroinformativo.com.mx\/index.php?rest_route=\/wp\/v2\/posts\/47722","targetHints":{"allow":["GET"]}}],"collection":[{"href":"https:\/\/encuentroinformativo.com.mx\/index.php?rest_route=\/wp\/v2\/posts"}],"about":[{"href":"https:\/\/encuentroinformativo.com.mx\/index.php?rest_route=\/wp\/v2\/types\/post"}],"author":[{"embeddable":true,"href":"https:\/\/encuentroinformativo.com.mx\/index.php?rest_route=\/wp\/v2\/users\/2476"}],"replies":[{"embeddable":true,"href":"https:\/\/encuentroinformativo.com.mx\/index.php?rest_route=%2Fwp%2Fv2%2Fcomments&post=47722"}],"version-history":[{"count":1,"href":"https:\/\/encuentroinformativo.com.mx\/index.php?rest_route=\/wp\/v2\/posts\/47722\/revisions"}],"predecessor-version":[{"id":47724,"href":"https:\/\/encuentroinformativo.com.mx\/index.php?rest_route=\/wp\/v2\/posts\/47722\/revisions\/47724"}],"wp:featuredmedia":[{"embeddable":true,"href":"https:\/\/encuentroinformativo.com.mx\/index.php?rest_route=\/wp\/v2\/media\/47723"}],"wp:attachment":[{"href":"https:\/\/encuentroinformativo.com.mx\/index.php?rest_route=%2Fwp%2Fv2%2Fmedia&parent=47722"}],"wp:term":[{"taxonomy":"category","embeddable":true,"href":"https:\/\/encuentroinformativo.com.mx\/index.php?rest_route=%2Fwp%2Fv2%2Fcategories&post=47722"},{"taxonomy":"post_tag","embeddable":true,"href":"https:\/\/encuentroinformativo.com.mx\/index.php?rest_route=%2Fwp%2Fv2%2Ftags&post=47722"}],"curies":[{"name":"wp","href":"https:\/\/api.w.org\/{rel}","templated":true}]}}