{"id":47731,"date":"2023-11-20T16:15:15","date_gmt":"2023-11-20T22:15:15","guid":{"rendered":"https:\/\/encuentroinformativo.com.mx\/?p=47731"},"modified":"2023-11-20T16:15:16","modified_gmt":"2023-11-20T22:15:16","slug":"mes-proximo-recibiran-bono-trabajadores-de-la-sev-vargas","status":"publish","type":"post","link":"https:\/\/encuentroinformativo.com.mx\/?p=47731","title":{"rendered":"Mes pr\u00f3ximo, recibir\u00e1n bono trabajadores de la SEV: Vargas"},"content":{"rendered":"\n<p><strong>Dar\u00edo Pale <\/strong><\/p>\n\n\n\n<p>Xalapa, Ver.- El bono a Trabajadores estatales de la Secretar\u00eda de Educaci\u00f3n de Veracruz (SEV), lo recibir\u00e1n en la primera quincena de diciembre, as\u00ed lo inform\u00f3 el encargado del despacho de la SEV, \u00a0V\u00edctor Vargas Barrientos.<\/p>\n\n\n\n<p>En entrevista previa al desfile conmemorativo del 113 aniversario de la Revoluci\u00f3n Mexicana se\u00f1al\u00f3 que despu\u00e9s de la reuni\u00f3n con secretarios generales, este viernes, el defini\u00f3 que el bono denominado Medida del Bienestar, anunciando por el Presidente, se les pagar\u00e1 en la quincena 23, es decir, en la primera quincena de diciembre.<\/p>\n\n\n\n<p>&#8220;Ya por parte del gobierno del Estado y la Federaci\u00f3n se est\u00e1 dando cumplimiento en tiempo y forma al bono que prometi\u00f3 el presidente de la Rep\u00fablica&#8221;, se\u00f1al\u00f3.<\/p>\n\n\n\n<p>Dio a conocer que los trabajadores federalizados, recibieron el bono anunciado por el Ejecutivo, en la quincena 21, por lo que el encargado del despacho explic\u00f3 que los empleados de la SEV trabajan de dos maneras, por jornada y por horas.<\/p>\n\n\n\n<p>Se\u00f1al\u00f3 que aquellos que est\u00e1n por jornada, la idea es que alcancen los 16 mil pesos, mientras que por horas se tiene que inscribir a un proceso de evaluaci\u00f3n para que vaya creciendo y alcance los 16 mil pesos al final de la administraci\u00f3n.<\/p>\n\n\n\n<p>Vargas Barrientos record\u00f3 que existe la promesa de los gobiernos para que todo trabajador del sector educativo alcance los 16 mil pesos.<\/p>\n\n\n\n<p>Por \u00faltimo inform\u00f3 que trabajar\u00e1n hasta el 22 de diciembre en oficinas centrales, luego regresar\u00e1n el d\u00eda 26 de diciembre con guardias, ya que el regreso de las oficinas centrales ser\u00e1 el d\u00eda 3 de enero de manera normal mientras que para los docentes ser\u00e1 el d\u00eda 7 de enero.<\/p>\n","protected":false},"excerpt":{"rendered":"<p>Dar\u00edo Pale Xalapa, Ver.- El bono a Trabajadores estatales de la Secretar\u00eda de Educaci\u00f3n de Veracruz (SEV), lo recibir\u00e1n en la primera quincena de diciembre, as\u00ed lo inform\u00f3 el encargado del despacho de la SEV, \u00a0V\u00edctor Vargas Barrientos. En entrevista previa al desfile conmemorativo del 113 aniversario de la Revoluci\u00f3n Mexicana se\u00f1al\u00f3 que despu\u00e9s de [&hellip;]<\/p>\n","protected":false},"author":2476,"featured_media":47732,"comment_status":"open","ping_status":"open","sticky":false,"template":"","format":"standard","meta":{"_jetpack_memberships_contains_paid_content":false,"footnotes":""},"categories":[2],"tags":[],"class_list":["post-47731","post","type-post","status-publish","format-standard","has-post-thumbnail","hentry","category-estado"],"jetpack_featured_media_url":"https:\/\/encuentroinformativo.com.mx\/wp-content\/uploads\/2023\/11\/IMG-20231120-WA01162.jpg","jetpack_sharing_enabled":true,"jetpack_likes_enabled":true,"amp_enabled":true,"_links":{"self":[{"href":"https:\/\/encuentroinformativo.com.mx\/index.php?rest_route=\/wp\/v2\/posts\/47731","targetHints":{"allow":["GET"]}}],"collection":[{"href":"https:\/\/encuentroinformativo.com.mx\/index.php?rest_route=\/wp\/v2\/posts"}],"about":[{"href":"https:\/\/encuentroinformativo.com.mx\/index.php?rest_route=\/wp\/v2\/types\/post"}],"author":[{"embeddable":true,"href":"https:\/\/encuentroinformativo.com.mx\/index.php?rest_route=\/wp\/v2\/users\/2476"}],"replies":[{"embeddable":true,"href":"https:\/\/encuentroinformativo.com.mx\/index.php?rest_route=%2Fwp%2Fv2%2Fcomments&post=47731"}],"version-history":[{"count":1,"href":"https:\/\/encuentroinformativo.com.mx\/index.php?rest_route=\/wp\/v2\/posts\/47731\/revisions"}],"predecessor-version":[{"id":47733,"href":"https:\/\/encuentroinformativo.com.mx\/index.php?rest_route=\/wp\/v2\/posts\/47731\/revisions\/47733"}],"wp:featuredmedia":[{"embeddable":true,"href":"https:\/\/encuentroinformativo.com.mx\/index.php?rest_route=\/wp\/v2\/media\/47732"}],"wp:attachment":[{"href":"https:\/\/encuentroinformativo.com.mx\/index.php?rest_route=%2Fwp%2Fv2%2Fmedia&parent=47731"}],"wp:term":[{"taxonomy":"category","embeddable":true,"href":"https:\/\/encuentroinformativo.com.mx\/index.php?rest_route=%2Fwp%2Fv2%2Fcategories&post=47731"},{"taxonomy":"post_tag","embeddable":true,"href":"https:\/\/encuentroinformativo.com.mx\/index.php?rest_route=%2Fwp%2Fv2%2Ftags&post=47731"}],"curies":[{"name":"wp","href":"https:\/\/api.w.org\/{rel}","templated":true}]}}