{"id":47734,"date":"2023-11-20T16:19:31","date_gmt":"2023-11-20T22:19:31","guid":{"rendered":"https:\/\/encuentroinformativo.com.mx\/?p=47734"},"modified":"2023-11-20T16:19:32","modified_gmt":"2023-11-20T22:19:32","slug":"anuncia-colectiva-sobrevivientes-de-feminicidio-jornada-25n","status":"publish","type":"post","link":"https:\/\/encuentroinformativo.com.mx\/?p=47734","title":{"rendered":"Anuncia Colectiva &#8216;Sobrevivientes de Feminicidio&#8217; jornada 25N"},"content":{"rendered":"\n<p><strong>Dar\u00edo Pale <\/strong><\/p>\n\n\n\n<p>Xalapa, Ver.- Ana Balderrama y Alma Pimentel integrantes de la Colectiva &#8220;Sobrevivientes de Feminicidio&#8221;, dieron a conocer la realizaci\u00f3n la jornada 25N, de 09:00 a 20:00 horas, en Espacio N\u00f3mada la cual se encuentre en Pino Su\u00e1rez n\u00famero 23, con la finalidad de eliminar cicatrices.<\/p>\n\n\n\n<p>En conferencia de prensa dieron a conocer que este s\u00e1bado 25 de noviembre &#8220;D\u00eda Internacional de la Eliminaci\u00f3n de la Violencia contra las mujeres&#8221;, la Colectiva Sobrevivientes de Feminicidio har\u00e1 la Jornada 25N.<\/p>\n\n\n\n<p>Esta consiste en la eliminaci\u00f3n de cicatrices con derm\u00f3grafo a bajo costo, &#8220;Si eres mujer, has vivido alg\u00fan tipo de violencia, y tienes cicatrices, esta es una acci\u00f3n para abonar a la sanaci\u00f3n&#8221;.<\/p>\n\n\n\n<p>Comentaron que muchas han sufrido desde la violencia obst\u00e9trica hasta violencia feminicida, por lo que las cicatrices se pueden matizar con este procedimiento que no es quir\u00fargico, ni doloroso, y tampoco invasivo.\u00a0<\/p>\n\n\n\n<p>&#8220;Conoce las bases en la p\u00e1gina de la colectiva, ya que requieres tomar ciertas medidas d\u00edas antes del procedimiento con el derm\u00f3grafo, s\u00e9 parte de esta acci\u00f3n, y si conoces a una mujer que le guste sumarse, pasa la voz&#8221;, se\u00f1alaron.<\/p>\n\n\n\n<p>Comentaron que la violencia contra las mujeres y las ni\u00f1as es una de las violaciones de los derechos humanos m\u00e1s extendidas y generalizadas del mundo, casi una de cada tres (736 millones de mujeres) han sido v\u00edctimas de violencia f\u00edsica y\/o sexual al menos una vez en su vida.<\/p>\n\n\n\n<p>Se\u00f1alaron que la soluci\u00f3n radica en gran parte en respuestas s\u00f3lidas que inviertan en la prevenci\u00f3n, sin embargo, resulta alarmante la escasa cantidad de recursos econ\u00f3micos que los pa\u00edses est\u00e1n destinando, tan solo un 5 por ciento de la ayuda gubernamental mundial Va destinada a la violencia de g\u00e9nero y se invierte menos del 0,2 por ciento en su prevenci\u00f3n.<\/p>\n\n\n\n<p>Finalmente se\u00f1alaron que &#8220;la violencia de g\u00e9nero es un coste para todas y todos nosotros. Es por ello que, a trav\u00e9s de una suma de voluntades, esta Jornada 25N es posible y llamamos a todos los medios comprometidos con la erradicaci\u00f3n de la violencia hacia las mujeres a que se sumen en su difusi\u00f3n, de la &#8220;Primera campa\u00f1a para Eliminar Cicatrices por Violencia con Derm\u00f3grafo&#8221;.<\/p>\n","protected":false},"excerpt":{"rendered":"<p>Dar\u00edo Pale Xalapa, Ver.- Ana Balderrama y Alma Pimentel integrantes de la Colectiva &#8220;Sobrevivientes de Feminicidio&#8221;, dieron a conocer la realizaci\u00f3n la jornada 25N, de 09:00 a 20:00 horas, en Espacio N\u00f3mada la cual se encuentre en Pino Su\u00e1rez n\u00famero 23, con la finalidad de eliminar cicatrices. En conferencia de prensa dieron a conocer que [&hellip;]<\/p>\n","protected":false},"author":2476,"featured_media":47735,"comment_status":"open","ping_status":"open","sticky":false,"template":"","format":"standard","meta":{"_jetpack_memberships_contains_paid_content":false,"footnotes":""},"categories":[3],"tags":[],"class_list":["post-47734","post","type-post","status-publish","format-standard","has-post-thumbnail","hentry","category-xalapa"],"jetpack_featured_media_url":"https:\/\/encuentroinformativo.com.mx\/wp-content\/uploads\/2023\/11\/IMG-20231120-WA0134.jpg","jetpack_sharing_enabled":true,"jetpack_likes_enabled":true,"amp_enabled":true,"_links":{"self":[{"href":"https:\/\/encuentroinformativo.com.mx\/index.php?rest_route=\/wp\/v2\/posts\/47734","targetHints":{"allow":["GET"]}}],"collection":[{"href":"https:\/\/encuentroinformativo.com.mx\/index.php?rest_route=\/wp\/v2\/posts"}],"about":[{"href":"https:\/\/encuentroinformativo.com.mx\/index.php?rest_route=\/wp\/v2\/types\/post"}],"author":[{"embeddable":true,"href":"https:\/\/encuentroinformativo.com.mx\/index.php?rest_route=\/wp\/v2\/users\/2476"}],"replies":[{"embeddable":true,"href":"https:\/\/encuentroinformativo.com.mx\/index.php?rest_route=%2Fwp%2Fv2%2Fcomments&post=47734"}],"version-history":[{"count":1,"href":"https:\/\/encuentroinformativo.com.mx\/index.php?rest_route=\/wp\/v2\/posts\/47734\/revisions"}],"predecessor-version":[{"id":47736,"href":"https:\/\/encuentroinformativo.com.mx\/index.php?rest_route=\/wp\/v2\/posts\/47734\/revisions\/47736"}],"wp:featuredmedia":[{"embeddable":true,"href":"https:\/\/encuentroinformativo.com.mx\/index.php?rest_route=\/wp\/v2\/media\/47735"}],"wp:attachment":[{"href":"https:\/\/encuentroinformativo.com.mx\/index.php?rest_route=%2Fwp%2Fv2%2Fmedia&parent=47734"}],"wp:term":[{"taxonomy":"category","embeddable":true,"href":"https:\/\/encuentroinformativo.com.mx\/index.php?rest_route=%2Fwp%2Fv2%2Fcategories&post=47734"},{"taxonomy":"post_tag","embeddable":true,"href":"https:\/\/encuentroinformativo.com.mx\/index.php?rest_route=%2Fwp%2Fv2%2Ftags&post=47734"}],"curies":[{"name":"wp","href":"https:\/\/api.w.org\/{rel}","templated":true}]}}