{"id":47740,"date":"2023-11-20T16:27:27","date_gmt":"2023-11-20T22:27:27","guid":{"rendered":"https:\/\/encuentroinformativo.com.mx\/?p=47740"},"modified":"2023-11-20T16:27:28","modified_gmt":"2023-11-20T22:27:28","slug":"deja-garcia-cayetano-secretaria-del-trabajo-busca-candidatura-al-senado","status":"publish","type":"post","link":"https:\/\/encuentroinformativo.com.mx\/?p=47740","title":{"rendered":"Deja Garc\u00eda Cayetano Secretar\u00eda del Trabajo, busca candidatura al Senado"},"content":{"rendered":"\n<p><strong>Juan Arcos <\/strong><\/p>\n\n\n\n<p>Xalapa, Ver.- El gobernador Cuitl\u00e1huac Garc\u00eda Jim\u00e9nez confirm\u00f3 que Dorheny Garc\u00eda Cayetano dejar\u00eda este lunes el cargo como titular de la Secretar\u00eda del Trabajo, Previsi\u00f3n Social y Productividad en Veracruz (STPSyP), para contender en el proceso interno de Morena por la candidatura al Senado de la Rep\u00fablica Mexicana.<\/p>\n\n\n\n<p>La morenista competir\u00e1 contra la exdiputada M\u00f3nica Robles Barajas para la Coordinaci\u00f3n en Defensa del Federalismo, es decir, por la segunda f\u00f3rmula que ser\u00e1 encabezada por una mujer, ya que en la primera estar\u00e1 el exdelegado de Programas Sociales en Veracruz, Manuel Huerta Ladr\u00f3n de Guevara.<\/p>\n\n\n\n<p>En conferencia de prensa, el mandatario estatal dio a conocer que habl\u00f3 con la Secretaria del Trabajo para que tom\u00e9 la decisi\u00f3n de dejar la funci\u00f3n p\u00fablica y as\u00ed dedicarse de lleno al proceso interno de Morena.<\/p>\n\n\n\n<p>&#8220;Igual les comento, platiqu\u00e9 con la Secretaria del Trabajo, tiene inter\u00e9s por competir por la coordinaci\u00f3n federal de la defensa de la cuarta transformaci\u00f3n y del federalismo. Ayer (domingo) en M\u00e9xico dialogu\u00e9 con ella y le dije \u2018tienes que tomar una decisi\u00f3n\u201d, expres\u00f3.<\/p>\n\n\n\n<p>Tambi\u00e9n destac\u00f3 que en las pr\u00f3ximas horas informar\u00e1 el nombre de quien sustituya a Garc\u00eda Cayetano, pues la funcionaria deber\u00e1 presentar su renuncia en calidad de irrevocable.<\/p>\n\n\n\n<p>Garc\u00eda Jim\u00e9nez indic\u00f3 que aunque la convocatoria de Morena no obliga a los aspirantes a renunciar a sus cargos p\u00fablicos, Dorheny Garc\u00eda extern\u00f3 que requiere m\u00e1s tiempo para dedicarlo a su partido y su aspiraci\u00f3n pol\u00edtica.<\/p>\n\n\n\n<p>El Gobernador de Veracruz tambi\u00e9n coment\u00f3 que V\u00edctor Vargas asumir\u00eda la titularidad formal de la Secretar\u00eda de Educaci\u00f3n de Veracruz, tras la salida definitiva de Zenyazen Escobar Garc\u00eda.<\/p>\n\n\n\n<p>Mientras que en el caso de la Secretar\u00eda de Gobierno, mencion\u00f3 que dialogar\u00eda con el extitular Eric Cisneros Burgos, para definir la situaci\u00f3n.<\/p>\n","protected":false},"excerpt":{"rendered":"<p>Juan Arcos Xalapa, Ver.- El gobernador Cuitl\u00e1huac Garc\u00eda Jim\u00e9nez confirm\u00f3 que Dorheny Garc\u00eda Cayetano dejar\u00eda este lunes el cargo como titular de la Secretar\u00eda del Trabajo, Previsi\u00f3n Social y Productividad en Veracruz (STPSyP), para contender en el proceso interno de Morena por la candidatura al Senado de la Rep\u00fablica Mexicana. La morenista competir\u00e1 contra la [&hellip;]<\/p>\n","protected":false},"author":2476,"featured_media":47741,"comment_status":"open","ping_status":"open","sticky":false,"template":"","format":"standard","meta":{"_jetpack_memberships_contains_paid_content":false,"footnotes":""},"categories":[2],"tags":[],"class_list":["post-47740","post","type-post","status-publish","format-standard","has-post-thumbnail","hentry","category-estado"],"jetpack_featured_media_url":"https:\/\/encuentroinformativo.com.mx\/wp-content\/uploads\/2023\/11\/IMG_1612.jpg","jetpack_sharing_enabled":true,"jetpack_likes_enabled":true,"amp_enabled":true,"_links":{"self":[{"href":"https:\/\/encuentroinformativo.com.mx\/index.php?rest_route=\/wp\/v2\/posts\/47740","targetHints":{"allow":["GET"]}}],"collection":[{"href":"https:\/\/encuentroinformativo.com.mx\/index.php?rest_route=\/wp\/v2\/posts"}],"about":[{"href":"https:\/\/encuentroinformativo.com.mx\/index.php?rest_route=\/wp\/v2\/types\/post"}],"author":[{"embeddable":true,"href":"https:\/\/encuentroinformativo.com.mx\/index.php?rest_route=\/wp\/v2\/users\/2476"}],"replies":[{"embeddable":true,"href":"https:\/\/encuentroinformativo.com.mx\/index.php?rest_route=%2Fwp%2Fv2%2Fcomments&post=47740"}],"version-history":[{"count":1,"href":"https:\/\/encuentroinformativo.com.mx\/index.php?rest_route=\/wp\/v2\/posts\/47740\/revisions"}],"predecessor-version":[{"id":47742,"href":"https:\/\/encuentroinformativo.com.mx\/index.php?rest_route=\/wp\/v2\/posts\/47740\/revisions\/47742"}],"wp:featuredmedia":[{"embeddable":true,"href":"https:\/\/encuentroinformativo.com.mx\/index.php?rest_route=\/wp\/v2\/media\/47741"}],"wp:attachment":[{"href":"https:\/\/encuentroinformativo.com.mx\/index.php?rest_route=%2Fwp%2Fv2%2Fmedia&parent=47740"}],"wp:term":[{"taxonomy":"category","embeddable":true,"href":"https:\/\/encuentroinformativo.com.mx\/index.php?rest_route=%2Fwp%2Fv2%2Fcategories&post=47740"},{"taxonomy":"post_tag","embeddable":true,"href":"https:\/\/encuentroinformativo.com.mx\/index.php?rest_route=%2Fwp%2Fv2%2Ftags&post=47740"}],"curies":[{"name":"wp","href":"https:\/\/api.w.org\/{rel}","templated":true}]}}