{"id":47743,"date":"2023-11-20T17:09:58","date_gmt":"2023-11-20T23:09:58","guid":{"rendered":"https:\/\/encuentroinformativo.com.mx\/?p=47743"},"modified":"2023-11-20T17:09:59","modified_gmt":"2023-11-20T23:09:59","slug":"derribo-de-arboles-en-cecan-no-tenia-permisos-alcalde","status":"publish","type":"post","link":"https:\/\/encuentroinformativo.com.mx\/?p=47743","title":{"rendered":"Derribo de \u00e1rboles en CECAN no ten\u00eda permisos: Alcalde"},"content":{"rendered":"\n<p><strong>Dar\u00edo Pale <\/strong><\/p>\n\n\n\n<p>Xalapa, Ver.- El corte de \u00e1rboles dentro del CECAN se habr\u00eda hecho sin permisos, se podr\u00eda \u00a0sancionar a la constructora, as\u00ed lo dio a conocer el presidente municipal de Xalapa, Ricardo Ahued Bardahuil.\u00a0<\/p>\n\n\n\n<p>En entrevista coment\u00f3 que la empresa constructora que realiza trabajos al interior del Centro Estatal de Cancerolog\u00eda (CECAN) &#8220;Dr. Miguel Dorantes Meza&#8221; no habr\u00eda tramitado los permisos correspondientes para derribar \u00e1rboles de haya al interior de dicho hospital, por lo que podr\u00eda ser sancionada.<\/p>\n\n\n\n<p>\u201cLa constructora debi\u00f3 esperar los permisos si es que exist\u00eda, yo que sepa no tiene ning\u00fan permiso, no contamos con alg\u00fan antecedente de permisos, estamos revisando&#8221;, se\u00f1al\u00f3.<\/p>\n\n\n\n<p>No mencion\u00f3 qu\u00e9 tipo de sanci\u00f3n podr\u00eda aplicarse, pues dijo que se estaba revisando apenas el tema, aunque dej\u00f3 en claro que har\u00e1 cumplir la ley en materia ambiental.<\/p>\n\n\n\n<p>\u201cCreo que se hizo en la noche, revisar\u00e9 m\u00e1s tarde con mi gente y con medio ambiente qu\u00e9 proceda conforme a lo que tiene que ser, la ley es ejemplar y nosotros cumpliremos con lo que la ley y la norma nos obliga, si no ser\u00edamos omisos o c\u00f3mplices\u201d, coment\u00f3.<\/p>\n\n\n\n<p>Los \u00e1rboles cuyos troncos fueron cortados con moto sierras se ubicaban del lado de la calle Aguascalientes, a un costado del \u00c1rea Natural Protegida Cerro de Macuilt\u00e9petl.<\/p>\n\n\n\n<p>Indic\u00f3 que al tratarse de especies protegidas consideradas en riesgo por la Secretar\u00eda de Medio Ambiente y Recursos Naturales (SEMARNAT), de acuerdo con la NOM-059 de 2010, proceder\u00e1n conforme a lo que indique la Ley y no descart\u00f3 sanciones.<\/p>\n\n\n\n<p>Por \u00faltimo coment\u00f3 que, &#8220;me est\u00e1n informando apenas, no ten\u00edamos conocimiento porque se hizo de noche. Revisar\u00e9 m\u00e1s tarde con mi gente, con Medio Ambiente, (para) que proceda conforme tenga que ser&#8221;.<\/p>\n","protected":false},"excerpt":{"rendered":"<p>Dar\u00edo Pale Xalapa, Ver.- El corte de \u00e1rboles dentro del CECAN se habr\u00eda hecho sin permisos, se podr\u00eda \u00a0sancionar a la constructora, as\u00ed lo dio a conocer el presidente municipal de Xalapa, Ricardo Ahued Bardahuil.\u00a0 En entrevista coment\u00f3 que la empresa constructora que realiza trabajos al interior del Centro Estatal de Cancerolog\u00eda (CECAN) &#8220;Dr. Miguel [&hellip;]<\/p>\n","protected":false},"author":2476,"featured_media":47744,"comment_status":"open","ping_status":"open","sticky":false,"template":"","format":"standard","meta":{"_jetpack_memberships_contains_paid_content":false,"footnotes":""},"categories":[3],"tags":[],"class_list":["post-47743","post","type-post","status-publish","format-standard","has-post-thumbnail","hentry","category-xalapa"],"jetpack_featured_media_url":"https:\/\/encuentroinformativo.com.mx\/wp-content\/uploads\/2023\/11\/IMG-20231120-WA01352.jpg","jetpack_sharing_enabled":true,"jetpack_likes_enabled":true,"amp_enabled":true,"_links":{"self":[{"href":"https:\/\/encuentroinformativo.com.mx\/index.php?rest_route=\/wp\/v2\/posts\/47743","targetHints":{"allow":["GET"]}}],"collection":[{"href":"https:\/\/encuentroinformativo.com.mx\/index.php?rest_route=\/wp\/v2\/posts"}],"about":[{"href":"https:\/\/encuentroinformativo.com.mx\/index.php?rest_route=\/wp\/v2\/types\/post"}],"author":[{"embeddable":true,"href":"https:\/\/encuentroinformativo.com.mx\/index.php?rest_route=\/wp\/v2\/users\/2476"}],"replies":[{"embeddable":true,"href":"https:\/\/encuentroinformativo.com.mx\/index.php?rest_route=%2Fwp%2Fv2%2Fcomments&post=47743"}],"version-history":[{"count":1,"href":"https:\/\/encuentroinformativo.com.mx\/index.php?rest_route=\/wp\/v2\/posts\/47743\/revisions"}],"predecessor-version":[{"id":47745,"href":"https:\/\/encuentroinformativo.com.mx\/index.php?rest_route=\/wp\/v2\/posts\/47743\/revisions\/47745"}],"wp:featuredmedia":[{"embeddable":true,"href":"https:\/\/encuentroinformativo.com.mx\/index.php?rest_route=\/wp\/v2\/media\/47744"}],"wp:attachment":[{"href":"https:\/\/encuentroinformativo.com.mx\/index.php?rest_route=%2Fwp%2Fv2%2Fmedia&parent=47743"}],"wp:term":[{"taxonomy":"category","embeddable":true,"href":"https:\/\/encuentroinformativo.com.mx\/index.php?rest_route=%2Fwp%2Fv2%2Fcategories&post=47743"},{"taxonomy":"post_tag","embeddable":true,"href":"https:\/\/encuentroinformativo.com.mx\/index.php?rest_route=%2Fwp%2Fv2%2Ftags&post=47743"}],"curies":[{"name":"wp","href":"https:\/\/api.w.org\/{rel}","templated":true}]}}