{"id":47749,"date":"2023-11-21T09:26:28","date_gmt":"2023-11-21T15:26:28","guid":{"rendered":"https:\/\/encuentroinformativo.com.mx\/?p=47749"},"modified":"2023-11-21T09:26:30","modified_gmt":"2023-11-21T15:26:30","slug":"el-tren-jarocho-la-nueva-ruta-para-veracruz","status":"publish","type":"post","link":"https:\/\/encuentroinformativo.com.mx\/?p=47749","title":{"rendered":"EL TREN &#8220;JAROCHO&#8221;, LA NUEVA RUTA PARA VERACRUZ"},"content":{"rendered":"\n<p><strong>ColumnaSinNombre<br>@pablojair<\/strong><\/p>\n\n\n\n<ul class=\"wp-block-list\"><li>La importancia del estado para 2024.<\/li><li>Que ooootra vez van a destapar a Pepe.<\/li><li>Conversatorio sobre violencia pol\u00edtica.<\/li><\/ul>\n\n\n\n<p>En una de esas, as\u00ed como anda Alito de loco,<br>mandan a Lorena Pi\u00f1\u00f3n de candidata a la gubernatura<br>&#8211;Chopenjawer<\/p>\n\n\n\n<p>En el a\u00f1o 1937, el presidente L\u00e1zaro C\u00e1rdenas concret\u00f3 la rector\u00eda del Estado en la operaci\u00f3n y la prestaci\u00f3n del servicio p\u00fablico ferroviario de carga y pasajeros. Una de las principales rutas fue Ciudad de M\u00e9xico-Veracruz, en un tren bautizado como &#8220;Jarocho&#8221;.<\/p>\n\n\n\n<p>Esto lo dice el decreto por el que se declara \u00e1rea prioritaria para el desarrollo nacional, la prestaci\u00f3n del servicio p\u00fablico de transporte ferroviario de pasajeros en el Sistema Ferroviario Mexicano, publicado este lunes en el Diario Oficial de la Federaci\u00f3n.<\/p>\n\n\n\n<p>Pero antes, un contexto importante: el domingo, al asumir como precandidata de Morena a la Presidencia de la Rep\u00fablica, Claudia Sheinbaum dio a conocer que habr\u00e1 una continuaci\u00f3n al proyecto de los trenes de pasajeros que ha estado impulsando el presidente Andr\u00e9s Manuel L\u00f3pez Obrador, como el caso del Tren Maya y el Tren Interoce\u00e1nico.<\/p>\n\n\n\n<p>La muy probable primera mujer presidente de M\u00e9xico, expres\u00f3 esto a trav\u00e9s de unas iniciativas que llam\u00f3 &#8220;sue\u00f1os&#8221;, para no ser multada por el Instituto Nacional Electoral.<\/p>\n\n\n\n<p>Y destac\u00f3: &#8220;Consolidar el Tren Maya y el Tren Interoce\u00e1nico, adem\u00e1s de ampliar las inversiones estrat\u00e9gicas, as\u00ed como dar continuidad a los proyectos de trenes de pasajeros por todo el pa\u00eds: Tren M\u00e9xico-Puebla-Veracruz-Coatzacoalcos, Tren Interurbano AIFA-Pachuca, Tren M\u00e9xico-Quer\u00e9taro-Le\u00f3n-Aguascalientes, Tren Manzanillo-Colima-Guadalajara-Irapuato, Tren M\u00e9xico-San Luis Potos\u00ed-Monterrey-Nuevo Laredo, Tren M\u00e9xico-Quer\u00e9taro-Guadalajara-Tepic-Mazatl\u00e1n-Nogales, Tren Aguascalientes-Chihuahua-Ciudad Ju\u00e1rez&#8221;.<\/p>\n\n\n\n<p>De entrada, la ruta M\u00e9xico-Puebla-Veracruz-Coatzacoalcos es algo que ya para muchos viajeros suena interesante por el colapso que sufre &#8211;a veces por varias horas&#8211; la autopista de La Tinaja a Cosoleacaque, especialmente en las casetas de Cosamaloapan y Acayucan, aunado a que algunos accidentes cierran totalmente la circulaci\u00f3n, sin tener v\u00edas alternas por un buen tramo.<\/p>\n\n\n\n<p>Es tedioso repetirlo, pero creo que no se debe dejar de lado el ejemplo que existe en Estados Unidos o Europa, donde casi todos los pa\u00edses y grandes ciudades est\u00e1n conectadas precisamente por tren: un medio masivo de transporte barato, menos contaminante y (al menos eso se espera) con capacidad para hacer el mismo o menos tiempo para llegar al destino deseado.<\/p>\n\n\n\n<p>Esto tambi\u00e9n ya comienza a ponerse chido porque los proyectos de gobierno que se est\u00e1n construyendo, sumados a los que anunci\u00f3 Do\u00f1a Claudia, le quitar\u00edan ese monopolio de transporte p\u00fablico a los camioneros, que por a\u00f1os se han consolidado en un gran negocio para mafias que controlan rutas con unidades viejas y obsoletas.<\/p>\n\n\n\n<p>A la par que Claudia anunciaba lo que ser\u00edan sus &#8220;sue\u00f1os&#8221; de ganar la Presidencia (que es muy probable se concrete, de acuerdo a las encuestas a 6 meses y 10 d\u00edas de las elecciones), este lunes el presidente L\u00f3pez Obrador anunci\u00f3 el regreso del servicio de trenes de pasajeros mediante el decreto publicado este 20 de noviembre, d\u00eda en que se conmemora el 113 Aniversario de la Revoluci\u00f3n Mexicana.<\/p>\n\n\n\n<p>La fecha tampoco es coincidencia: para la Revoluci\u00f3n fue importante el uso de los trenes como medio de transporte para tropas y suministros, adem\u00e1s de ser el medio por el cual se movieron algunos de los personajes emblem\u00e1ticos que participaron en esta etapa de la historia de M\u00e9xico.<\/p>\n\n\n\n<p>L\u00f3pez Obrador detall\u00f3 que se utilizar\u00e1n 17 mil 484 kil\u00f3metros de v\u00edas f\u00e9rreas e instalaciones concesionadas para el servicio de carga, que ahora se destinar\u00e1n para trenes de pasajeros.<\/p>\n\n\n\n<p>El mandatario destac\u00f3 que en la primera etapa de esta iniciativa se pondr\u00e1n en operaci\u00f3n rutas como la M\u00e9xico-Veracruz-Coatzacoalcos y otras conexiones estrat\u00e9gicas como las que revel\u00f3 Do\u00f1a Claudia.<\/p>\n\n\n\n<p>AMLO incluso reafirm\u00f3 que la decisi\u00f3n fundamental para este decreto de reintroducci\u00f3n del servicio de trenes de pasajeros, se tom\u00f3 considerando aspectos como econom\u00eda, comodidad, seguridad y sostenibilidad ambiental.<\/p>\n\n\n\n<p>&#8220;Esta decisi\u00f3n la tomamos porque los viajes en tren ser\u00e1n m\u00e1s econ\u00f3micos, c\u00f3modos, menos contaminantes, pues pueden electrificarse las v\u00edas. (El tren) es un transporte p\u00fablico m\u00e1s seguro y se incrementar\u00e1 la movilidad de la poblaci\u00f3n desde las principales ciudades de M\u00e9xico, hasta la frontera norte&#8221;, coment\u00f3 el presidente de M\u00e9xico.<\/p>\n\n\n\n<p>Por cierto, este mismo lunes, en Boca del R\u00edo, nos encontramos con un buen amigo que est\u00e1 de lleno en el proyecto del Corredor Interoce\u00e1nico y me comenta que ya est\u00e1 avanzado el tema de la rehabilitaci\u00f3n de la estaci\u00f3n en Coatzacoalcos, que ser\u00e1 punto importante tanto para el Tren del Istmo como el Tren Maya.<\/p>\n\n\n\n<p>Destaca tambi\u00e9n que pese a la gran cantidad de etnias que existen en la regi\u00f3n del Istmo de Tehuantepec, hay muy buena aceptaci\u00f3n entre las mismas respecto al proyecto del tren de pasajeros, lo que de entrada ya tranquiliza mucho a los encargados del asunto.<\/p>\n\n\n\n<p>\u00bfY por qu\u00e9 la tranquilidad? Porque est\u00e1 siempre latente que grupos de choque busquen paralizar o boicotear para sacar raja pol\u00edtica, no sin antes resaltar que en el caso del Tren Interoce\u00e1nico, dicho proyecto estar\u00e1 a cargo de la Marina-Armada de M\u00e9xico\u2026<\/p>\n\n\n\n<p>Y a ver qui\u00e9n va a ser el valiente que le atora para trabarse con los &#8220;popeyes&#8221;, porque en el proceso de construcci\u00f3n y rehabilitaci\u00f3n hubo quienes quisieron pasarse de listos tratando de extorsionar o enga\u00f1ar con proyectos &#8220;fantasma&#8221; similares al del Corredor, pero finalmente fueron neutralizados.<\/p>\n\n\n\n<p>De hecho, el decreto publicado en el Diario Oficial de la Federaci\u00f3n, indica que los concesionarios del servicio p\u00fablico de transporte ferroviario de carga &#8220;ser\u00e1n los primeros en ser invitados para presentar los proyectos para la implementaci\u00f3n del servicio ferroviario de pasajeros, dentro de sus v\u00edas generales de comunicaci\u00f3n ferroviaria que les fueron otorgadas en concesi\u00f3n. Los interesados deber\u00e1n presentar sus propuestas ante la Secretar\u00eda de Infraestructura, Comunicaciones y Transportes a m\u00e1s tardar el 15 de enero de 2024&#8221;.<\/p>\n\n\n\n<p>No obstante, advierte que en caso de que no est\u00e9n interesados o no presenten propuesta viables, el Gobierno Federal, a trav\u00e9s de la Secretar\u00eda de Infraestructura, Comunicaciones y Transportes (SICT), podr\u00e1 otorgar t\u00edtulos de asignaci\u00f3n a la Secretar\u00eda de la Defensa Nacional o a la Secretar\u00eda de Marina, que ya operan el Tren Maya y el Tren del Istmo de Tehuantepec, o en su caso, a otro particulares.<\/p>\n\n\n\n<p>Por ser un tema de seguridad nacional y porque existe una amplia posibilidad de que los trenes puedan ser usados como bot\u00edn para temas pol\u00edticos u objetivos de rapi\u00f1a para la delincuencia organizada, quiz\u00e1s s\u00ed sea necesario ir considerando a los cuerpos de seguridad m\u00e1s respetados en el pa\u00eds para cuidar a los nuevos proyectos.<\/p>\n\n\n\n<p>Todo es cosa de ir viendo en los pr\u00f3ximos a\u00f1os s\u00ed se concretan los &#8220;sue\u00f1os&#8221; de Do\u00f1a Claudia. No vaya a ser como los h\u00famedos donde uno sue\u00f1a con Shakira y la J-Lo, pero se amanece con la almohada entre las piernas.<\/p>\n\n\n\n<p><strong>NOTA PARA PEGAR EN EL REFRI: <\/strong>Claudia Sheinbaum arranc\u00f3 este lunes su precampa\u00f1a a la Presidencia de la Rep\u00fablica en Veracruz, uno de los bastiones de Morena para las elecciones de junio de 2024. La ex jefa de Gobierno de la CDMX, estuvo este lunes en Boca del R\u00edo y Medell\u00edn; este martes estar\u00e1 en tres pueblos de la regi\u00f3n de Los Tuxtlas, y el mi\u00e9rcoles estar\u00e1 en Minatitl\u00e1n seguramente comiendo taquitos de cochinita del Janitzio\u2026 No es para nada una casualidad lo que representa Veracruz para el proyecto de la Cuarta Transformeishion.<\/p>\n\n\n\n<p><strong>OTRA NOTA: <\/strong>Que a nadie sorprende o entusiasma en realidad que (oooootra vez) ser\u00e1 Pepe Yunes quien se lance como candidato a la gubernatura\u2026 Lo que anuncian como un fastuoso destape, es equivalente a un Tehuac\u00e1n sin gas: ya sin chiste, ya muy cantado, sin nada de relevancia\u2026 Y eso que apenas andan en la etapa de formaci\u00f3n de la alianza opositora\u2026 Honestamente, ya ni es noticia. Noticia ser\u00eda una cara nueva; una mujer, por ejemplo. Algo que realmente sorprenda y llame la atenci\u00f3n del electorado.<\/p>\n\n\n\n<p><strong>LA \u00daLTIMA PORQUE EL TITO YA EST\u00c1 DANDO LATA Y QUIERE ENTRAR: <\/strong>La Comisi\u00f3n Estatal para la Atenci\u00f3n y Protecci\u00f3n de los Periodistas (CEAPP) en coordinaci\u00f3n con el Organismo P\u00fablico Local Electoral del Estado de Veracruz (OPLE) invitan a periodistas, medios de comunicaci\u00f3n y p\u00fablico en general al &#8220;Conversatorio sobre violencia pol\u00edtica en raz\u00f3n de g\u00e9nero para medios de comunicaci\u00f3n&#8221;. La cita es para este martes 21 de noviembre a las 18:00 horas, en el Auditorio Leonardo Pasquel del OPLEV, ubicado en Benito Ju\u00e1rez 71, Zona Centro. Xalapa.<\/p>\n","protected":false},"excerpt":{"rendered":"<p>ColumnaSinNombre@pablojair La importancia del estado para 2024. Que ooootra vez van a destapar a Pepe. Conversatorio sobre violencia pol\u00edtica. En una de esas, as\u00ed como anda Alito de loco,mandan a Lorena Pi\u00f1\u00f3n de candidata a la gubernatura&#8211;Chopenjawer En el a\u00f1o 1937, el presidente L\u00e1zaro C\u00e1rdenas concret\u00f3 la rector\u00eda del Estado en la operaci\u00f3n y la [&hellip;]<\/p>\n","protected":false},"author":2476,"featured_media":488,"comment_status":"open","ping_status":"open","sticky":false,"template":"","format":"standard","meta":{"_jetpack_memberships_contains_paid_content":false,"footnotes":""},"categories":[11],"tags":[],"class_list":["post-47749","post","type-post","status-publish","format-standard","has-post-thumbnail","hentry","category-opinion"],"jetpack_featured_media_url":"https:\/\/encuentroinformativo.com.mx\/wp-content\/uploads\/2020\/03\/F471F608-BA1A-416B-BA7B-BCFB24F4E6D0.jpeg","jetpack_sharing_enabled":true,"jetpack_likes_enabled":true,"amp_enabled":true,"_links":{"self":[{"href":"https:\/\/encuentroinformativo.com.mx\/index.php?rest_route=\/wp\/v2\/posts\/47749","targetHints":{"allow":["GET"]}}],"collection":[{"href":"https:\/\/encuentroinformativo.com.mx\/index.php?rest_route=\/wp\/v2\/posts"}],"about":[{"href":"https:\/\/encuentroinformativo.com.mx\/index.php?rest_route=\/wp\/v2\/types\/post"}],"author":[{"embeddable":true,"href":"https:\/\/encuentroinformativo.com.mx\/index.php?rest_route=\/wp\/v2\/users\/2476"}],"replies":[{"embeddable":true,"href":"https:\/\/encuentroinformativo.com.mx\/index.php?rest_route=%2Fwp%2Fv2%2Fcomments&post=47749"}],"version-history":[{"count":1,"href":"https:\/\/encuentroinformativo.com.mx\/index.php?rest_route=\/wp\/v2\/posts\/47749\/revisions"}],"predecessor-version":[{"id":47750,"href":"https:\/\/encuentroinformativo.com.mx\/index.php?rest_route=\/wp\/v2\/posts\/47749\/revisions\/47750"}],"wp:featuredmedia":[{"embeddable":true,"href":"https:\/\/encuentroinformativo.com.mx\/index.php?rest_route=\/wp\/v2\/media\/488"}],"wp:attachment":[{"href":"https:\/\/encuentroinformativo.com.mx\/index.php?rest_route=%2Fwp%2Fv2%2Fmedia&parent=47749"}],"wp:term":[{"taxonomy":"category","embeddable":true,"href":"https:\/\/encuentroinformativo.com.mx\/index.php?rest_route=%2Fwp%2Fv2%2Fcategories&post=47749"},{"taxonomy":"post_tag","embeddable":true,"href":"https:\/\/encuentroinformativo.com.mx\/index.php?rest_route=%2Fwp%2Fv2%2Ftags&post=47749"}],"curies":[{"name":"wp","href":"https:\/\/api.w.org\/{rel}","templated":true}]}}