{"id":47751,"date":"2023-11-21T11:28:27","date_gmt":"2023-11-21T17:28:27","guid":{"rendered":"https:\/\/encuentroinformativo.com.mx\/?p=47751"},"modified":"2023-11-21T11:28:29","modified_gmt":"2023-11-21T17:28:29","slug":"retornan-con-exito-jaripeos-a-medellin-de-bravo","status":"publish","type":"post","link":"https:\/\/encuentroinformativo.com.mx\/?p=47751","title":{"rendered":"Retornan con \u00e9xito Jaripeos a Medell\u00edn de Bravo"},"content":{"rendered":"\n<p><strong>Alejandro \u00c1vila<\/strong><\/p>\n\n\n\n<p>Medell\u00edn de Bravo, Ver.- Totalmente abarrotado luci\u00f3 el Jaripeo 2023 organizado por la Asociaci\u00f3n Civil &#8220;Memo&#8221; que preside, Guillermo Herrada Jim\u00e9nez; lo m\u00e1s destacado fue la presencia de visitantes de al menos cinco municipios que generaron una gran derrama econ\u00f3mica en la localidad de El Tejar.<\/p>\n\n\n\n<p>M\u00e1s de 4 mil personas disfrutaron de una de las fiestas m\u00e1s ic\u00f3nicas de la cultura mexicana y que desde hace m\u00e1s de 10 a\u00f1os no se realizaban el municipio de Medell\u00edn de Bravo, es por ellos la importante labor de gesti\u00f3n que realizaron Guillermo Herrada Jim\u00e9nez, y el Comit\u00e9 de Jaripeo e integrantes del Ejido del Tejar.<\/p>\n\n\n\n<p>\u201cHoy, estamos aqu\u00ed para demostrar que Medell\u00edn de Bravo est\u00e1 listo para una renovaci\u00f3n y resurgimiento. Hemos sido testigos de lo que somos capaces, y esto es solo el comienzo. Quiero invitar a todos los amantes de nuestras tradiciones a ser Embajadores de Medell\u00edn de Bravo. Este es el lugar ideal para perseguir nuestros sue\u00f1os, donde la prosperidad y las oportunidades se entrelazan en nuestra historia\u201d, detall\u00f3 Memo Herrada.<\/p>\n\n\n\n<p>&#8220;El Tigre y sus Teclados&#8221; dieron con sus primeras melod\u00edas el inicio de la fiesta musical; posteriormente el Ballet del maestro V\u00edctor Gallardo Triana, integrado por Beatriz, Claudia, Mariel y Luis Lagunes, se agregaron al show artistico; seguido por el talentoso cantante, Diego Herrada, quien deleito al p\u00fablico con canciones acompa\u00f1ado del caballo bailador \u201cDuval\u00edn\u201d.<\/p>\n\n\n\n<p>En dicho evento, estuvo presente la Se\u00f1orita Jaripeo MEMO 2023, Alondra Villegas Gonz\u00e1lez, acompa\u00f1ada de su hermoso caballo &#8220;Gitana&#8221;, as\u00ed como las Se\u00f1oritas Simpat\u00eda, Estela Neri; Se\u00f1orita Elegancia, Karla Dominguez \u00c1lvarez; y Se\u00f1orita Fotogenia, F\u00e1tima Cruz Cueto; quienes representar\u00e1n la belleza medellinense.<\/p>\n\n\n\n<p>El presidente del Comit\u00e9 Organizador del Primer Gran Jaripeo MEMO 2023, Enrique M\u00e1rquez, y otros miembros del comit\u00e9, as\u00ed como autoridades locales, dieron palabras de bienvenida y agradecimiento a todos los asistentes y colaboradores que hicieron posible este evento, as\u00ed como la doctora, Betsab\u00e9 Sol\u00eds Ner\u00ed.<\/p>\n\n\n\n<p>En el espect\u00e1culo principal de montas, participaron jinetes del municipio de Medell\u00edn de Bravo, quienes dieron muestra de su valor y astucia en el ruedo, con ganado de Horacio Beltr\u00e1n Castillo, Jes\u00fas Cruz Cueto y Rafael Rosas Romero.<\/p>\n\n\n\n<p>Y no pod\u00eda faltar el gran concurso de caballos bailarines, donde &#8220;Apolo&#8221;, &#8220;Coronel&#8221; y &#8220;Duval\u00edn&#8221;, mostraron sus mejores pasos; caballos de Tony D\u00edaz, Oscar Viveros y el &#8220;Tuc\u00e1n&#8221;, que dieron muestra de la elegancia a todos los asistentes.&nbsp;<\/p>\n\n\n\n<p>Al evento artistico se sumaron Esteban Ch\u00e1vez, Diego Gonz\u00e1lez V., Grupo Santa Ana y el cierre estelar a cargo de la Banda La Perla del Golfo.<\/p>\n\n\n\n<p>En este magno evento se cont\u00f3 con la presencia del alcalde de Boca del R\u00edo, Juan Manuel de Unanue Abascal; el Coordinador Estatal de Movimiento Ciudadano, Sergio Gil Rull\u00e1n; el ex alcalde de Alvarado, Octavio Ru\u00edz Barroso; Pedro Santos V\u00e1zquez, Secretario General de la Federaci\u00f3n Estatal de Sindicatos de Trabajadores Municipales; y L\u00edderes del Sindicato de la Coca Cola, de la Comisi\u00f3n Federal de Electricidad, entre otros, quienes disfrutaron de la fiesta.<\/p>\n\n\n\n<p>El Primer Gran Jaripeo MEMO 2023 fue una celebraci\u00f3n inolvidable que busca preservar las tradiciones y enaltecer la identidad de Medell\u00edn de Bravo, por lo que luego del \u00e9xito rotundo, se espera que contin\u00fae realiz\u00e1ndose.<\/p>\n","protected":false},"excerpt":{"rendered":"<p>Alejandro \u00c1vila Medell\u00edn de Bravo, Ver.- Totalmente abarrotado luci\u00f3 el Jaripeo 2023 organizado por la Asociaci\u00f3n Civil &#8220;Memo&#8221; que preside, Guillermo Herrada Jim\u00e9nez; lo m\u00e1s destacado fue la presencia de visitantes de al menos cinco municipios que generaron una gran derrama econ\u00f3mica en la localidad de El Tejar. M\u00e1s de 4 mil personas disfrutaron de [&hellip;]<\/p>\n","protected":false},"author":2476,"featured_media":47752,"comment_status":"open","ping_status":"open","sticky":false,"template":"","format":"standard","meta":{"_jetpack_memberships_contains_paid_content":false,"footnotes":""},"categories":[2],"tags":[],"class_list":["post-47751","post","type-post","status-publish","format-standard","has-post-thumbnail","hentry","category-estado"],"jetpack_featured_media_url":"https:\/\/encuentroinformativo.com.mx\/wp-content\/uploads\/2023\/11\/IMG-20231121-WA0010.jpg","jetpack_sharing_enabled":true,"jetpack_likes_enabled":true,"amp_enabled":true,"_links":{"self":[{"href":"https:\/\/encuentroinformativo.com.mx\/index.php?rest_route=\/wp\/v2\/posts\/47751","targetHints":{"allow":["GET"]}}],"collection":[{"href":"https:\/\/encuentroinformativo.com.mx\/index.php?rest_route=\/wp\/v2\/posts"}],"about":[{"href":"https:\/\/encuentroinformativo.com.mx\/index.php?rest_route=\/wp\/v2\/types\/post"}],"author":[{"embeddable":true,"href":"https:\/\/encuentroinformativo.com.mx\/index.php?rest_route=\/wp\/v2\/users\/2476"}],"replies":[{"embeddable":true,"href":"https:\/\/encuentroinformativo.com.mx\/index.php?rest_route=%2Fwp%2Fv2%2Fcomments&post=47751"}],"version-history":[{"count":1,"href":"https:\/\/encuentroinformativo.com.mx\/index.php?rest_route=\/wp\/v2\/posts\/47751\/revisions"}],"predecessor-version":[{"id":47753,"href":"https:\/\/encuentroinformativo.com.mx\/index.php?rest_route=\/wp\/v2\/posts\/47751\/revisions\/47753"}],"wp:featuredmedia":[{"embeddable":true,"href":"https:\/\/encuentroinformativo.com.mx\/index.php?rest_route=\/wp\/v2\/media\/47752"}],"wp:attachment":[{"href":"https:\/\/encuentroinformativo.com.mx\/index.php?rest_route=%2Fwp%2Fv2%2Fmedia&parent=47751"}],"wp:term":[{"taxonomy":"category","embeddable":true,"href":"https:\/\/encuentroinformativo.com.mx\/index.php?rest_route=%2Fwp%2Fv2%2Fcategories&post=47751"},{"taxonomy":"post_tag","embeddable":true,"href":"https:\/\/encuentroinformativo.com.mx\/index.php?rest_route=%2Fwp%2Fv2%2Ftags&post=47751"}],"curies":[{"name":"wp","href":"https:\/\/api.w.org\/{rel}","templated":true}]}}