{"id":47756,"date":"2023-11-21T12:02:37","date_gmt":"2023-11-21T18:02:37","guid":{"rendered":"https:\/\/encuentroinformativo.com.mx\/?p=47756"},"modified":"2023-11-21T12:02:38","modified_gmt":"2023-11-21T18:02:38","slug":"anuncian-productores-de-aguacate-venta-solidaria","status":"publish","type":"post","link":"https:\/\/encuentroinformativo.com.mx\/?p=47756","title":{"rendered":"Anuncian productores de aguacate venta solidaria"},"content":{"rendered":"\n<p><strong>Dar\u00edo Pale <\/strong><\/p>\n\n\n\n<p>Xalapa, Ver.- Octavio N\u00e1jera Garc\u00eda, productor de aguacate veracruzano, dio a conocer que realizar\u00e1n la venta solidaria de 5 toneladas de aguacate hass en calles de Xalapa, esto con la finalidad de terminar con el coyotaje.<\/p>\n\n\n\n<p>En conferencia de prensa se\u00f1alaron que este pr\u00f3ximo viernes 24 y s\u00e1bado 25 de noviembre se llevar\u00e1 a cabo una venta &#8220;solidaria&#8221; de aguacate hass en varias avenidas de la ciudad, manifest\u00f3 que esperan vender al menos 5 toneladas de la fruta.<\/p>\n\n\n\n<p>Detall\u00f3 que uno de los puntos ser\u00e1 la avenida Xalapa, en la esquina de la Escuela Normal Veracruzana, asimismo, en las avenidas Araucarias y Murillo Vidal, as\u00ed como en Las Trancas.<\/p>\n\n\n\n<p>De esta manera, se busca beneficiar a ambas partes, tanto al productor como al consumidor final, ya que por ejemplo a la venta puede ser muy caro, mientras que al productor se le sigue pagando un precio de &#8220;risa&#8221; en las huertas.<\/p>\n\n\n\n<p>Detall\u00f3 que las plantaciones del aguacate en Veracruz se ubican principalmente en Ixhuacan de Los Reyes, Xico, Teocelo, Coscomatepec, Huatusco, Totutla, Jalacingo y Atzalan.<\/p>\n\n\n\n<p>El productor tambi\u00e9n de ganado ovino, revel\u00f3 que los &#8220;coyotes&#8221; llegan de Puebla y Ciudad de M\u00e9xico, pero lo regresan al territorio veracruzano para venderlo como si fuera de otras entidades.<\/p>\n\n\n\n<p>El precio que ellos ofrecen a los productores es de entre 7 y 15 pesos, cuando en los mercados se encuentra en 40, 50 o 60, incluso hasta los 90 pesos.<\/p>\n\n\n\n<p>&#8220;El precio justo creemos que es 40 pesos para que le quede al productor y se pueda ofertar al consumidor final. Es el precio que vamos a manejar, es aguacate de primera&#8221;, se\u00f1al\u00f3.<\/p>\n\n\n\n<p>Por su parte, Juan Manuel Garc\u00eda Gonz\u00e1lez, vicepresidente nacional regi\u00f3n Golfo de Canacintra, destac\u00f3 que hay 3 mil hect\u00e1reas de aguacate sembrado en nuestro Estado y 3 mil m\u00e1s se planea sembrar.<\/p>\n\n\n\n<p>Octavio N\u00e1jera Garc\u00eda refiri\u00f3 que ante la falta de apoyos e incentivos para fortalecer la cadena de valor, naci\u00f3 la iniciativa de Ley para Producci\u00f3n, Acopio, Comercializaci\u00f3n e Industrializaci\u00f3n del Aguacate Hass en Veracruz.<\/p>\n\n\n\n<p>Por \u00faltimo coment\u00f3 que para ello, se llevaron a cabo 7 mesas de trabajo en el Congreso local, por lo que est\u00e1 en revisi\u00f3n por parte de los diputados para poder exportar el aguacate, y es que para poder exportarlo se requiere tener un aguacate certificado de sanidad vegetal.<\/p>\n","protected":false},"excerpt":{"rendered":"<p>Dar\u00edo Pale Xalapa, Ver.- Octavio N\u00e1jera Garc\u00eda, productor de aguacate veracruzano, dio a conocer que realizar\u00e1n la venta solidaria de 5 toneladas de aguacate hass en calles de Xalapa, esto con la finalidad de terminar con el coyotaje. En conferencia de prensa se\u00f1alaron que este pr\u00f3ximo viernes 24 y s\u00e1bado 25 de noviembre se llevar\u00e1 [&hellip;]<\/p>\n","protected":false},"author":2476,"featured_media":47757,"comment_status":"open","ping_status":"open","sticky":false,"template":"","format":"standard","meta":{"_jetpack_memberships_contains_paid_content":false,"footnotes":""},"categories":[3],"tags":[],"class_list":["post-47756","post","type-post","status-publish","format-standard","has-post-thumbnail","hentry","category-xalapa"],"jetpack_featured_media_url":"https:\/\/encuentroinformativo.com.mx\/wp-content\/uploads\/2023\/11\/IMG-20231121-WA00162.jpg","jetpack_sharing_enabled":true,"jetpack_likes_enabled":true,"amp_enabled":true,"_links":{"self":[{"href":"https:\/\/encuentroinformativo.com.mx\/index.php?rest_route=\/wp\/v2\/posts\/47756","targetHints":{"allow":["GET"]}}],"collection":[{"href":"https:\/\/encuentroinformativo.com.mx\/index.php?rest_route=\/wp\/v2\/posts"}],"about":[{"href":"https:\/\/encuentroinformativo.com.mx\/index.php?rest_route=\/wp\/v2\/types\/post"}],"author":[{"embeddable":true,"href":"https:\/\/encuentroinformativo.com.mx\/index.php?rest_route=\/wp\/v2\/users\/2476"}],"replies":[{"embeddable":true,"href":"https:\/\/encuentroinformativo.com.mx\/index.php?rest_route=%2Fwp%2Fv2%2Fcomments&post=47756"}],"version-history":[{"count":1,"href":"https:\/\/encuentroinformativo.com.mx\/index.php?rest_route=\/wp\/v2\/posts\/47756\/revisions"}],"predecessor-version":[{"id":47758,"href":"https:\/\/encuentroinformativo.com.mx\/index.php?rest_route=\/wp\/v2\/posts\/47756\/revisions\/47758"}],"wp:featuredmedia":[{"embeddable":true,"href":"https:\/\/encuentroinformativo.com.mx\/index.php?rest_route=\/wp\/v2\/media\/47757"}],"wp:attachment":[{"href":"https:\/\/encuentroinformativo.com.mx\/index.php?rest_route=%2Fwp%2Fv2%2Fmedia&parent=47756"}],"wp:term":[{"taxonomy":"category","embeddable":true,"href":"https:\/\/encuentroinformativo.com.mx\/index.php?rest_route=%2Fwp%2Fv2%2Fcategories&post=47756"},{"taxonomy":"post_tag","embeddable":true,"href":"https:\/\/encuentroinformativo.com.mx\/index.php?rest_route=%2Fwp%2Fv2%2Ftags&post=47756"}],"curies":[{"name":"wp","href":"https:\/\/api.w.org\/{rel}","templated":true}]}}