{"id":47759,"date":"2023-11-21T12:10:35","date_gmt":"2023-11-21T18:10:35","guid":{"rendered":"https:\/\/encuentroinformativo.com.mx\/?p=47759"},"modified":"2023-11-21T12:10:36","modified_gmt":"2023-11-21T18:10:36","slug":"veracruz-cuenta-con-cuerpos-policiales-100-por-ciento-profesionalizados","status":"publish","type":"post","link":"https:\/\/encuentroinformativo.com.mx\/?p=47759","title":{"rendered":"Veracruz cuenta con cuerpos policiales 100 por ciento profesionalizados"},"content":{"rendered":"\n<p>Xalapa, Veracruz.- La ma\u00f1ana de este martes, el secretario de Seguridad P\u00fablica en Veracruz, Cap. Cuauht\u00e9moc Z\u00fa\u00f1iga Bonilla compareci\u00f3 ante el pleno y la comisi\u00f3n de seguridad del Congreso del Estado, esto dentro de la glosa del 5\u00b0 Informa de Labores del gobernador Cuitl\u00e1huac Garc\u00eda Jim\u00e9nez.<\/p>\n\n\n\n<p>Z\u00fa\u00f1iga Bonilla destac\u00f3 la importancia e impulso que se le ha dado en esta administraci\u00f3n a la Dignificaci\u00f3n de los cuerpos policiales, al brindarles mejores condiciones laborales y econ\u00f3micas, as\u00ed como tambi\u00e9n su profesionalizaci\u00f3n por medio de 283 cursos en los diversos \u00e1mbitos, desde formaci\u00f3n inicial hasta educaci\u00f3n superior, logrando hasta el d\u00eda de hoy contar con 235 elementos graduados de nivel superior; 133 como t\u00e9cnico superior universitario; 58 con nivel licenciatura; 33 con grado de maestr\u00eda y 432 cursando alguna licenciatura o posgrado.<\/p>\n\n\n\n<p>Asegur\u00f3 que hoy Veracruz es un estado m\u00e1s seguro, donde constancia de ellos es la disminuci\u00f3n en el \u00edndice delictivo, respaldado con cifras del Secretariado Ejecutivo del Sistema Nacional de Seguridad P\u00fablica; por ejemplo el -88.22 % de reducci\u00f3n en el secuestro; el -42.8% en homicidio doloso; as\u00ed como el -38.4 y -33.6 % de disminuci\u00f3n en robo a veh\u00edculo y feminicidios, respectivamente, se\u00f1al de que en la entidad se trabaja de manera firme en el combate a la delincuencia.<\/p>\n\n\n\n<p>Para finalizar, el servidor p\u00fablico puntualiz\u00f3 que se seguir\u00e1 trabajando, siguiendo con el efecto positivo desarrollado, gracias a las estrategias en seguridad impulsadas por el ejecutivo; reconoci\u00f3 a las y los polic\u00edas estatales por su valor, entrega y compromiso; adem\u00e1s de reconocer que este ejercicio contribuye a la rendici\u00f3n de cuentas, adem\u00e1s de ser un mecanismo fundamental para el fortalecimiento de la democracia y que consolida la Cuarta Transformaci\u00f3n.<\/p>\n\n\n\n<p class=\"has-text-align-center\"><em><strong>Veracruz ocupa el s\u00e9ptimo lugar como entidad m\u00e1s segura<\/strong><\/em><\/p>\n\n\n\n<p class=\"has-text-align-left\">Como resultado de las estrategias preventivas implementadas en Veracruz, hasta el mes de octubre, la entidad veracruzana se posicion\u00f3 en el s\u00e9ptimo lugar como la m\u00e1s segura, tras disminuir la incidencia en delitos de alto impacto.<\/p>\n\n\n\n<p>Datos proporcionados por el Secretariado Ejecutivo del Sistema Nacional de Seguridad P\u00fablica (SESNSP), arrojaron que el homicidio doloso disminuy\u00f3 un 40 por ciento, tomando como comparativa del 2015 al a\u00f1o en curso.<\/p>\n\n\n\n<p>En materia de secuestro se tuvo una disminuci\u00f3n importante de 88 por ciento en el periodo mencionado. El feminicidio descendi\u00f3 31 por ciento, mientras el robo de veh\u00edculo bajo 36 por ciento.<\/p>\n\n\n\n<p>La estrecha coordinaci\u00f3n entre la Secretar\u00eda de Seguridad P\u00fablica de Veracruz con fuerzas federales y municipales, mediante operativos y acciones contundentes ha dado como resultado que hoy en d\u00eda, Veracruz sea uno de los territorios a nivel nacional donde la comisi\u00f3n de delitos va en descenso.<\/p>\n","protected":false},"excerpt":{"rendered":"<p>Xalapa, Veracruz.- La ma\u00f1ana de este martes, el secretario de Seguridad P\u00fablica en Veracruz, Cap. Cuauht\u00e9moc Z\u00fa\u00f1iga Bonilla compareci\u00f3 ante el pleno y la comisi\u00f3n de seguridad del Congreso del Estado, esto dentro de la glosa del 5\u00b0 Informa de Labores del gobernador Cuitl\u00e1huac Garc\u00eda Jim\u00e9nez. Z\u00fa\u00f1iga Bonilla destac\u00f3 la importancia e impulso que se [&hellip;]<\/p>\n","protected":false},"author":2476,"featured_media":47760,"comment_status":"open","ping_status":"open","sticky":false,"template":"","format":"standard","meta":{"_jetpack_memberships_contains_paid_content":false,"footnotes":""},"categories":[2],"tags":[],"class_list":["post-47759","post","type-post","status-publish","format-standard","has-post-thumbnail","hentry","category-estado"],"jetpack_featured_media_url":"https:\/\/encuentroinformativo.com.mx\/wp-content\/uploads\/2023\/11\/IMG-20231121-WA00262.jpg","jetpack_sharing_enabled":true,"jetpack_likes_enabled":true,"amp_enabled":true,"_links":{"self":[{"href":"https:\/\/encuentroinformativo.com.mx\/index.php?rest_route=\/wp\/v2\/posts\/47759","targetHints":{"allow":["GET"]}}],"collection":[{"href":"https:\/\/encuentroinformativo.com.mx\/index.php?rest_route=\/wp\/v2\/posts"}],"about":[{"href":"https:\/\/encuentroinformativo.com.mx\/index.php?rest_route=\/wp\/v2\/types\/post"}],"author":[{"embeddable":true,"href":"https:\/\/encuentroinformativo.com.mx\/index.php?rest_route=\/wp\/v2\/users\/2476"}],"replies":[{"embeddable":true,"href":"https:\/\/encuentroinformativo.com.mx\/index.php?rest_route=%2Fwp%2Fv2%2Fcomments&post=47759"}],"version-history":[{"count":1,"href":"https:\/\/encuentroinformativo.com.mx\/index.php?rest_route=\/wp\/v2\/posts\/47759\/revisions"}],"predecessor-version":[{"id":47761,"href":"https:\/\/encuentroinformativo.com.mx\/index.php?rest_route=\/wp\/v2\/posts\/47759\/revisions\/47761"}],"wp:featuredmedia":[{"embeddable":true,"href":"https:\/\/encuentroinformativo.com.mx\/index.php?rest_route=\/wp\/v2\/media\/47760"}],"wp:attachment":[{"href":"https:\/\/encuentroinformativo.com.mx\/index.php?rest_route=%2Fwp%2Fv2%2Fmedia&parent=47759"}],"wp:term":[{"taxonomy":"category","embeddable":true,"href":"https:\/\/encuentroinformativo.com.mx\/index.php?rest_route=%2Fwp%2Fv2%2Fcategories&post=47759"},{"taxonomy":"post_tag","embeddable":true,"href":"https:\/\/encuentroinformativo.com.mx\/index.php?rest_route=%2Fwp%2Fv2%2Ftags&post=47759"}],"curies":[{"name":"wp","href":"https:\/\/api.w.org\/{rel}","templated":true}]}}