{"id":47762,"date":"2023-11-21T13:21:21","date_gmt":"2023-11-21T19:21:21","guid":{"rendered":"https:\/\/encuentroinformativo.com.mx\/?p=47762"},"modified":"2023-11-21T13:21:22","modified_gmt":"2023-11-21T19:21:22","slug":"presentan-en-veracruz-puerto-festival-nacional-de-mascaras-danzantes-de-coscomatepec","status":"publish","type":"post","link":"https:\/\/encuentroinformativo.com.mx\/?p=47762","title":{"rendered":"Presentan en Veracruz puerto Festival Nacional de M\u00e1scaras Danzantes de Coscomatepec"},"content":{"rendered":"\n<p><strong>Alejandro \u00c1vila<\/strong><\/p>\n\n\n\n<p>Veracruz, Ver. &#8211; En el Pueblo M\u00e1gico de Coscomatepec se desarrollar\u00e1 la tercera edici\u00f3n del Festival Nacional de M\u00e1scaras Danzantes del 14 al 17 de diciembre.<\/p>\n\n\n\n<p>En dicho evento se presentar\u00e1n 50 danzas tradicionales con la participaci\u00f3n de 1 500 personas, adem\u00e1s de 300 m\u00fasicos y 80 maestros mascareros, inform\u00f3 el director del Festival, Manuel S\u00e1nchez \u00c1lvarez.<\/p>\n\n\n\n<p>Durante los cuatro d\u00edas se colocar\u00e1 un Pabell\u00f3n Artesanal, otro Gastron\u00f3mico, y uno m\u00e1s de artesanos mascareros.<\/p>\n\n\n\n<p>&#8220;Esto ser\u00e1 en el marco del tercer Festival Nacional de M\u00e1scaras Danzantes. Y bueno, pues eso es a lo que queremos hacer, es la invitaci\u00f3n a que lo conozcan, a que asistan y que puedan disfrutar de cuatro d\u00edas que realmente son tradiciones ancestrales, aut\u00e9nticas, de las regiones de cada pa\u00eds, con estas danzas y estas m\u00e1scaras de M\u00e9xico&#8221;.<\/p>\n\n\n\n<p>Destac\u00f3 que el prop\u00f3sito de este festival es revalorizar, difundir y reconocer tanto a los maestros artesanos mascareros de M\u00e9xico, como tambi\u00e9n que a trav\u00e9s de la danza que se muestra el personaje de la m\u00e1scara.<\/p>\n\n\n\n<p>&#8220;Atr\u00e1s de una m\u00e1scara, pues sabemos que hay una persona que es un agricultor, un comerciante, una persona ordinaria, cotidiana, pero que bueno, que contin\u00faa la tradici\u00f3n. Son tradiciones que se van heredando de familia, de herencia ancestral y que bueno, pues esto tiene un valor que no hab\u00eda en M\u00e9xico. Es el \u00fanico festival en esta categor\u00eda y que nosotros lo estamos llevando a cabo durante esta tercera edici\u00f3n&#8221;.<\/p>\n\n\n\n<p>\u00c1lvarez S\u00e1nchez, destac\u00f3 que el a\u00f1o pasado se registr\u00f3 una afluencia de 15 a 20 mil personas que gener\u00f3 una derrama econ\u00f3mica de 35 millones de pesos.<\/p>\n\n\n\n<p>&#8220;Hoy esperamos que sea un poco menos del doble(de visitantes)&#8221;.<\/p>\n\n\n\n<p>Resalt\u00f3 que participar\u00e1n danzantes de estados 14 estados del pa\u00eds como Guerrero, Michoac\u00e1n, Sinaloa, Colima, Tlaxcala, Puebla, Chiapas y Veracruz.<\/p>\n\n\n\n<p>&#8220;Dentro de estas danzas podemos reconocer dos que son declaradas Patrimonio Intangible de la Humanidad, como los Parachicos de Chiapas, de Chiapa de Corzo; as\u00ed como tambi\u00e9n los Viejitos de Michoac\u00e1n, de P\u00e1tzcuaro&#8221;.<\/p>\n\n\n\n<p>Adem\u00e1s de las danzas habr\u00e1 conferencias,&nbsp; talleres donde estar\u00e1n participando los m\u00e1ximos exponentes de m\u00e1scaras de M\u00e9xico, como la colecci\u00f3n Muyaes o Gaz\u00f3n y el Museo Franz Meijer.<\/p>\n","protected":false},"excerpt":{"rendered":"<p>Alejandro \u00c1vila Veracruz, Ver. &#8211; En el Pueblo M\u00e1gico de Coscomatepec se desarrollar\u00e1 la tercera edici\u00f3n del Festival Nacional de M\u00e1scaras Danzantes del 14 al 17 de diciembre. En dicho evento se presentar\u00e1n 50 danzas tradicionales con la participaci\u00f3n de 1 500 personas, adem\u00e1s de 300 m\u00fasicos y 80 maestros mascareros, inform\u00f3 el director del [&hellip;]<\/p>\n","protected":false},"author":2476,"featured_media":47763,"comment_status":"open","ping_status":"open","sticky":false,"template":"","format":"standard","meta":{"_jetpack_memberships_contains_paid_content":false,"footnotes":""},"categories":[2],"tags":[],"class_list":["post-47762","post","type-post","status-publish","format-standard","has-post-thumbnail","hentry","category-estado"],"jetpack_featured_media_url":"https:\/\/encuentroinformativo.com.mx\/wp-content\/uploads\/2023\/11\/IMG-20231121-WA0033.jpg","jetpack_sharing_enabled":true,"jetpack_likes_enabled":true,"amp_enabled":true,"_links":{"self":[{"href":"https:\/\/encuentroinformativo.com.mx\/index.php?rest_route=\/wp\/v2\/posts\/47762","targetHints":{"allow":["GET"]}}],"collection":[{"href":"https:\/\/encuentroinformativo.com.mx\/index.php?rest_route=\/wp\/v2\/posts"}],"about":[{"href":"https:\/\/encuentroinformativo.com.mx\/index.php?rest_route=\/wp\/v2\/types\/post"}],"author":[{"embeddable":true,"href":"https:\/\/encuentroinformativo.com.mx\/index.php?rest_route=\/wp\/v2\/users\/2476"}],"replies":[{"embeddable":true,"href":"https:\/\/encuentroinformativo.com.mx\/index.php?rest_route=%2Fwp%2Fv2%2Fcomments&post=47762"}],"version-history":[{"count":1,"href":"https:\/\/encuentroinformativo.com.mx\/index.php?rest_route=\/wp\/v2\/posts\/47762\/revisions"}],"predecessor-version":[{"id":47764,"href":"https:\/\/encuentroinformativo.com.mx\/index.php?rest_route=\/wp\/v2\/posts\/47762\/revisions\/47764"}],"wp:featuredmedia":[{"embeddable":true,"href":"https:\/\/encuentroinformativo.com.mx\/index.php?rest_route=\/wp\/v2\/media\/47763"}],"wp:attachment":[{"href":"https:\/\/encuentroinformativo.com.mx\/index.php?rest_route=%2Fwp%2Fv2%2Fmedia&parent=47762"}],"wp:term":[{"taxonomy":"category","embeddable":true,"href":"https:\/\/encuentroinformativo.com.mx\/index.php?rest_route=%2Fwp%2Fv2%2Fcategories&post=47762"},{"taxonomy":"post_tag","embeddable":true,"href":"https:\/\/encuentroinformativo.com.mx\/index.php?rest_route=%2Fwp%2Fv2%2Ftags&post=47762"}],"curies":[{"name":"wp","href":"https:\/\/api.w.org\/{rel}","templated":true}]}}