{"id":47768,"date":"2023-11-21T13:27:59","date_gmt":"2023-11-21T19:27:59","guid":{"rendered":"https:\/\/encuentroinformativo.com.mx\/?p=47768"},"modified":"2023-11-21T13:27:59","modified_gmt":"2023-11-21T19:27:59","slug":"medellin-sede-del-campeonato-interestatal-de-motocross","status":"publish","type":"post","link":"https:\/\/encuentroinformativo.com.mx\/?p=47768","title":{"rendered":"Medell\u00edn, sede del Campeonato Interestatal de Motocross"},"content":{"rendered":"\n<p><strong>Alejandro \u00c1vila<\/strong><\/p>\n\n\n\n<p>Medell\u00edn de Bravo, Ver.- Promoviendo uno de los deportes m\u00e1s emblem\u00e1ticos del municipio, el alcalde, Marcos Isle\u00f1o Andrade, dio el banderazo de arranque de la segunda fecha del Campeonato Interestatal de Motocross \u201cCIEN\u201d, en la localidad La Laguna.&nbsp;<\/p>\n\n\n\n<p>Coordinado por la jefatura de Turismo que dirige Katy Cort\u00e9s, el evento inici\u00f3 con la presentacion de los 60 competidores&nbsp; provenientes de distintas partes del Estado: Xalapa, Veracruz, Orizaba, Jalcomulco, Soledad de Doblado, Boca del R\u00edo, adem\u00e1s de los estados vecinos Oaxaca y Puebla.<\/p>\n\n\n\n<p>Previo al banderazo de salida, el mun\u00edcipe dio la bienvenida a todos los participantes, as\u00ed como a las familias medellinenses que se dieron cita en este evento deportivo cuya entrada fue completamente gratis.&nbsp;<\/p>\n\n\n\n<p>\u201cGracias a todos los que pusieron de su colaboraci\u00f3n para llevar a cabo este evento y a todos los participantes que hoy nos visitan desde diferentes municipios y estados de Oaxaca y Puebla. Sin lugar a dudas seguiremos trayendo este tipo de eventos que engalanan a nuestro municipio&#8221;, coment\u00f3.&nbsp;<\/p>\n\n\n\n<p>Dicho campeonato cont\u00f3 con 5 diferentes categor\u00edas: infantil, principiantes, novatos, intermedios y expertos, los cuales compitieron en el circuito de la comunidad La Laguna.&nbsp;<\/p>\n\n\n\n<p>El evento deportivo cont\u00f3 con el resguardo de elementos de Protecci\u00f3n Civil y polic\u00eda municipal y al t\u00e9rmino de la competencia los ganadores recibieron sus trofeos durante una emotiva ceremonia de premiacion.<\/p>\n","protected":false},"excerpt":{"rendered":"<p>Alejandro \u00c1vila Medell\u00edn de Bravo, Ver.- Promoviendo uno de los deportes m\u00e1s emblem\u00e1ticos del municipio, el alcalde, Marcos Isle\u00f1o Andrade, dio el banderazo de arranque de la segunda fecha del Campeonato Interestatal de Motocross \u201cCIEN\u201d, en la localidad La Laguna.&nbsp; Coordinado por la jefatura de Turismo que dirige Katy Cort\u00e9s, el evento inici\u00f3 con la [&hellip;]<\/p>\n","protected":false},"author":2476,"featured_media":47769,"comment_status":"open","ping_status":"open","sticky":false,"template":"","format":"standard","meta":{"_jetpack_memberships_contains_paid_content":false,"footnotes":""},"categories":[2],"tags":[],"class_list":["post-47768","post","type-post","status-publish","format-standard","has-post-thumbnail","hentry","category-estado"],"jetpack_featured_media_url":"https:\/\/encuentroinformativo.com.mx\/wp-content\/uploads\/2023\/11\/IMG-20231121-WA0039.jpg","jetpack_sharing_enabled":true,"jetpack_likes_enabled":true,"amp_enabled":true,"_links":{"self":[{"href":"https:\/\/encuentroinformativo.com.mx\/index.php?rest_route=\/wp\/v2\/posts\/47768","targetHints":{"allow":["GET"]}}],"collection":[{"href":"https:\/\/encuentroinformativo.com.mx\/index.php?rest_route=\/wp\/v2\/posts"}],"about":[{"href":"https:\/\/encuentroinformativo.com.mx\/index.php?rest_route=\/wp\/v2\/types\/post"}],"author":[{"embeddable":true,"href":"https:\/\/encuentroinformativo.com.mx\/index.php?rest_route=\/wp\/v2\/users\/2476"}],"replies":[{"embeddable":true,"href":"https:\/\/encuentroinformativo.com.mx\/index.php?rest_route=%2Fwp%2Fv2%2Fcomments&post=47768"}],"version-history":[{"count":1,"href":"https:\/\/encuentroinformativo.com.mx\/index.php?rest_route=\/wp\/v2\/posts\/47768\/revisions"}],"predecessor-version":[{"id":47770,"href":"https:\/\/encuentroinformativo.com.mx\/index.php?rest_route=\/wp\/v2\/posts\/47768\/revisions\/47770"}],"wp:featuredmedia":[{"embeddable":true,"href":"https:\/\/encuentroinformativo.com.mx\/index.php?rest_route=\/wp\/v2\/media\/47769"}],"wp:attachment":[{"href":"https:\/\/encuentroinformativo.com.mx\/index.php?rest_route=%2Fwp%2Fv2%2Fmedia&parent=47768"}],"wp:term":[{"taxonomy":"category","embeddable":true,"href":"https:\/\/encuentroinformativo.com.mx\/index.php?rest_route=%2Fwp%2Fv2%2Fcategories&post=47768"},{"taxonomy":"post_tag","embeddable":true,"href":"https:\/\/encuentroinformativo.com.mx\/index.php?rest_route=%2Fwp%2Fv2%2Ftags&post=47768"}],"curies":[{"name":"wp","href":"https:\/\/api.w.org\/{rel}","templated":true}]}}